{"id":171891,"date":"2020-10-27T16:00:44","date_gmt":"2020-10-27T19:00:44","guid":{"rendered":"https:\/\/diarioregionaldigital.com.br\/?p=171891"},"modified":"2020-10-27T16:00:44","modified_gmt":"2020-10-27T19:00:44","slug":"biblioteca-municipal-promove-convencao-virtual-de-bruxas-com-contacao-de-historias-e-brincadeiras","status":"publish","type":"post","link":"https:\/\/diarioregionaldigital.com.br\/?p=171891","title":{"rendered":"Biblioteca Municipal promove \u201cConven\u00e7\u00e3o Virtual de Bruxas\u201d com conta\u00e7\u00e3o de hist\u00f3rias e brincadeiras"},"content":{"rendered":"<div id=\"box_texto_noticia\">At\u00e9 as bruxas se adaptaram ao ambiente virtual durante a pandemia de Covid-19. Como parte das comemora\u00e7\u00f5es do Dia do Saci e do Halloween, 31 de outubro, elas v\u00e3o se reunir para contar hist\u00f3rias e fazer brincadeiras no Instagram da Biblioteca Municipal \u201cMurilo Mendes\u201d (@bm.murilomendes). A \u201cConven\u00e7\u00e3o Virtual de Bruxas\u201d acontece no pr\u00f3ximo s\u00e1bado, 31, a partir das 19 horas, sendo livre para todos os p\u00fablicos.<\/p>\n<p>Conforme a jornalista Tha\u00eds Pifano, uma das produtoras da a\u00e7\u00e3o, a ideia \u00e9 aproveitar a data para incentivar a leitura. \u201cTodos os anos, fazemos esse encontro de forma presencial, e entendemos que \u00e9 importante manter a iniciativa, mesmo durante o isolamento. Mais que nunca, precisamos incentivar o h\u00e1bito da leitura, al\u00e9m de ser uma oportunidade de intera\u00e7\u00e3o com o p\u00fablico da biblioteca e com as contadoras de hist\u00f3ria que est\u00e3o sempre participando de a\u00e7\u00f5es na unidade\u201d.<\/p>\n<p>Com trajes t\u00edpicos e maquiagem caprichada, as bruxas v\u00e3o contar hist\u00f3rias de terror e dar dicas de leitura. Thais antecipa que quatro contadoras j\u00e1 confirmaram presen\u00e7a ao vivo: Vanda Ferreira, Cl\u00e1udia Dalpa, N\u00edvea dos Santos e Fafah Ramus. Al\u00e9m disso, outros participantes enviaram v\u00eddeos para serem exibidos ao longo do dia, tamb\u00e9m no Instagram da Biblioteca \u201cMurilo Mendes\u201d: Nat\u00e1lia Chianello, Maris\u00e9lia Souza, Janete Melo, Gisela Gerhein, K\u00e1tia Badar\u00f3, Fl\u00e1via Nascimento, Mafalda Souza e Artur Laizo.<\/p><\/div>\n<p><strong>Fonte:\u00a0<\/strong>Assessoria<\/p>\n<div id=\"box_compartilhar\" align=\"right\"><\/div>\n","protected":false},"excerpt":{"rendered":"<p>At\u00e9 as bruxas se adaptaram ao ambiente virtual durante a pandemia de Covid-19. Como parte das comemora\u00e7\u00f5es do Dia do Saci e do Halloween, 31 de outubro, elas v\u00e3o se reunir para contar hist\u00f3rias e fazer brincadeiras no Instagram da Biblioteca Municipal \u201cMurilo Mendes\u201d (@bm.murilomendes). A \u201cConven\u00e7\u00e3o Virtual de Bruxas\u201d acontece no pr\u00f3ximo s\u00e1bado, 31, [&hellip;]<\/p>\n","protected":false},"author":96,"featured_media":171892,"comment_status":"closed","ping_status":"closed","sticky":false,"template":"","format":"standard","meta":{"footnotes":""},"categories":[256,436,262,439],"tags":[],"class_list":["post-171891","post","type-post","status-publish","format-standard","has-post-thumbnail","hentry","category-cultura","category-destaque-da-semana","category-noticias","category-ultima-hora"],"_links":{"self":[{"href":"https:\/\/diarioregionaldigital.com.br\/index.php?rest_route=\/wp\/v2\/posts\/171891","targetHints":{"allow":["GET"]}}],"collection":[{"href":"https:\/\/diarioregionaldigital.com.br\/index.php?rest_route=\/wp\/v2\/posts"}],"about":[{"href":"https:\/\/diarioregionaldigital.com.br\/index.php?rest_route=\/wp\/v2\/types\/post"}],"author":[{"embeddable":true,"href":"https:\/\/diarioregionaldigital.com.br\/index.php?rest_route=\/wp\/v2\/users\/96"}],"replies":[{"embeddable":true,"href":"https:\/\/diarioregionaldigital.com.br\/index.php?rest_route=%2Fwp%2Fv2%2Fcomments&post=171891"}],"version-history":[{"count":0,"href":"https:\/\/diarioregionaldigital.com.br\/index.php?rest_route=\/wp\/v2\/posts\/171891\/revisions"}],"wp:featuredmedia":[{"embeddable":true,"href":"https:\/\/diarioregionaldigital.com.br\/index.php?rest_route=\/wp\/v2\/media\/171892"}],"wp:attachment":[{"href":"https:\/\/diarioregionaldigital.com.br\/index.php?rest_route=%2Fwp%2Fv2%2Fmedia&parent=171891"}],"wp:term":[{"taxonomy":"category","embeddable":true,"href":"https:\/\/diarioregionaldigital.com.br\/index.php?rest_route=%2Fwp%2Fv2%2Fcategories&post=171891"},{"taxonomy":"post_tag","embeddable":true,"href":"https:\/\/diarioregionaldigital.com.br\/index.php?rest_route=%2Fwp%2Fv2%2Ftags&post=171891"}],"curies":[{"name":"wp","href":"https:\/\/api.w.org\/{rel}","templated":true}]}}