{"id":171888,"date":"2020-10-27T15:59:11","date_gmt":"2020-10-27T18:59:11","guid":{"rendered":"https:\/\/diarioregionaldigital.com.br\/?p=171888"},"modified":"2020-10-27T15:59:11","modified_gmt":"2020-10-27T18:59:11","slug":"museu-prorroga-concurso-de-poesias-ate-dia-5-de-novembro","status":"publish","type":"post","link":"https:\/\/diarioregionaldigital.com.br\/?p=171888","title":{"rendered":"Museu prorroga concurso de poesias at\u00e9 dia 5 de novembro"},"content":{"rendered":"<p>Em homenagem ao \u201cDia do Professor\u201d, 15 de outubro, o Museu \u201cMariano Proc\u00f3pio\u201d em parceria com a Bodoque Artes e Of\u00edcios, lan\u00e7ou um concurso de poesias, com o tema \u201cMuseus e Mem\u00f3rias: costurando presente, passado e futuro\u201d. Para estimular a participa\u00e7\u00e3o do p\u00fablico, a data para o envio das poesias foi prorrogada para o dia cinco de novembro, com a divulga\u00e7\u00e3o do resultado no dia sete e publica\u00e7\u00e3o o texto no dia oito na revista \u201cTrama\u201d. O concurso \u00e9 destinado a professores (de qualquer n\u00edvel de ensino) e alunos da educa\u00e7\u00e3o b\u00e1sica (a partir de dez anos de idade). A partir das reflex\u00f5es sobre o tema e a frase, os participantes devem produzir os poemas de acordo com o g\u00eanero liter\u00e1rio estabelecido.<\/p>\n<p><b>Edital<\/b><\/p>\n<p>Objetivo: atrav\u00e9s de parceria estabelecida com a Bodoque Artes &amp; Of\u00edcios, o Museu \u201cMariano Proc\u00f3pio\u201d busca ampliar o di\u00e1logo com outras institui\u00e7\u00f5es promotoras e difusoras de arte e cultura, dentro e fora do Munic\u00edpio, incentivando o p\u00fablico a participar desse concurso de poesias.<\/p>\n<p><b>Tema:<\/b>\u00a0\u201cCosturando Presente, Passado e Futuro\u201d. A partir de suas reflex\u00f5es sobre essa frase, e o tema \u201cMuseus e Mem\u00f3rias\u201d.<\/p>\n<p><b>G\u00eanero textual:<\/b>\u00a0poesia\/poema.<\/p>\n<p><b>Categorias:<\/b><\/p>\n<p>&#8211; Professores (de qualquer n\u00edvel de ensino)<\/p>\n<p>&#8211; Alunos da educa\u00e7\u00e3o b\u00e1sica (a partir de dez anos de idade)<\/p>\n<p><b>Crit\u00e9rios de avalia\u00e7\u00e3o:<\/b>\u00a0s\u00e3o cinco, elencados abaixo, sendo atribu\u00edda a cada um deles nota de 0 a 10:<\/p>\n<p>&#8211; Texto autoral (pl\u00e1gios incorrer\u00e3o em elimina\u00e7\u00e3o autom\u00e1tica do candidato)<\/p>\n<p>&#8211; Ineditismo<\/p>\n<p>&#8211; Criatividade<\/p>\n<p>&#8211; Pertin\u00eancia com o g\u00eanero textual e o tema proposto<\/p>\n<p>&#8211; Corre\u00e7\u00e3o ortogr\u00e1fica (exceto quando se tratar de escolha est\u00e9tica)<\/p>\n<p><b>Comiss\u00e3o julgadora:<\/b>\u00a0composta por tr\u00eas avaliadores, com forma\u00e7\u00e3o nas \u00e1reas de artes, hist\u00f3ria e l\u00edngua portuguesa\/literatura.<\/p>\n<p><b>Classifica\u00e7\u00e3o:<\/b>\u00a0obtida a partir da m\u00e9dia simples das notas atribu\u00eddas pelos membros da banca de avalia\u00e7\u00e3o.<\/p>\n<p><b>Pr\u00eamios:<\/b><\/p>\n<p><b>Categorias professor e aluno:<\/b><\/p>\n<p><b>1\u00ba lugar:<\/b>\u00a0um caderno personalizado, confeccionado pela Bodoque Artes e Of\u00edcios; kit surpresa e publica\u00e7\u00e3o do poema na revista \u201cTrama:Arte, Cultura e Criatividade\u201d e nas redes sociais do Museu \u201cMariano Proc\u00f3pio\u201d.<\/p>\n<p><b>2\u00ba e 3\u00ba lugares:<\/b>\u00a0uma caderneta da Bodoque; kit surpresa e publica\u00e7\u00e3o do poema nas redes sociais do Museu (para cada um classificado).<\/p>\n<p><b>Como se inscrever:<\/b><\/p>\n<p>&#8211; Salvar o arquivo em PDF e anex\u00e1-lo ao e-mail.<\/p>\n<p>&#8211; N\u00e3o h\u00e1 necessidade de t\u00edtulo no poema.<\/p>\n<p>&#8211; Enviar o arquivo para o e-mail maprocultural@pjf.mg.gov.br<\/p>\n<p>&#8211; Com finalidade de manter a transpar\u00eancia na avalia\u00e7\u00e3o dos textos pela banca, \u00e9 proibido registrar o nome do autor(a) no arquivo em anexo.<\/p>\n<p>&#8211; A identifica\u00e7\u00e3o da autoria dever\u00e1 constar, obrigatoriamente, apenas no corpo do e-mail, onde dever\u00e3o ser preenchidos os seguintes campos:<\/p>\n<p>&#8211; Nome completo do(a) inscrito(a)<\/p>\n<p>&#8211; Categoria de inscri\u00e7\u00e3o (professor ou aluno)<\/p>\n<p>&#8211; Idade (dado obrigat\u00f3rio para a categoria aluno)<\/p>\n<p>&#8211; Nome do(a) respons\u00e1vel (caso o inscrito seja menor de idade)<\/p>\n<p>&#8211; Telefone de contato.<\/p>\n<p><b>Cronograma:<\/b><\/p>\n<p>&#8211; Abertura do edital: nesta quinta-feira, 15<\/p>\n<p>&#8211; Prazo de envio: at\u00e9 o dia 28<\/p>\n<p>&#8211; Divulga\u00e7\u00e3o do resultado final: dia 30<\/p>\n<p>&#8211; Publica\u00e7\u00e3o dos poemas na revista \u201cTrama\u201d: 1\u00ba de novembro<\/p>\n<p>&#8211; Libera\u00e7\u00e3o dos pr\u00eamios: a partir de 3 de novembro, ter\u00e7a-feira, na sede administrativa do Museu \u201cMariano Proc\u00f3pio\u201d (Rua D. Pedro II, 350 \u2013 Bairro Mariano Proc\u00f3pio).<\/p>\n<p>Quaisquer d\u00favidas, contato pelo e-mail maprocultural@pjf.mg.gov.br ou mensagem privada no instagram @museumarianoproc\u00f3pio.<\/p>\n<p><strong>Fonte:\u00a0<\/strong>Assessoria<\/p>\n","protected":false},"excerpt":{"rendered":"<p>Em homenagem ao \u201cDia do Professor\u201d, 15 de outubro, o Museu \u201cMariano Proc\u00f3pio\u201d em parceria com a Bodoque Artes e Of\u00edcios, lan\u00e7ou um concurso de poesias, com o tema \u201cMuseus e Mem\u00f3rias: costurando presente, passado e futuro\u201d. Para estimular a participa\u00e7\u00e3o do p\u00fablico, a data para o envio das poesias foi prorrogada para o dia [&hellip;]<\/p>\n","protected":false},"author":96,"featured_media":171889,"comment_status":"closed","ping_status":"closed","sticky":false,"template":"","format":"standard","meta":{"footnotes":""},"categories":[256,436,262,439],"tags":[],"class_list":["post-171888","post","type-post","status-publish","format-standard","has-post-thumbnail","hentry","category-cultura","category-destaque-da-semana","category-noticias","category-ultima-hora"],"_links":{"self":[{"href":"https:\/\/diarioregionaldigital.com.br\/index.php?rest_route=\/wp\/v2\/posts\/171888","targetHints":{"allow":["GET"]}}],"collection":[{"href":"https:\/\/diarioregionaldigital.com.br\/index.php?rest_route=\/wp\/v2\/posts"}],"about":[{"href":"https:\/\/diarioregionaldigital.com.br\/index.php?rest_route=\/wp\/v2\/types\/post"}],"author":[{"embeddable":true,"href":"https:\/\/diarioregionaldigital.com.br\/index.php?rest_route=\/wp\/v2\/users\/96"}],"replies":[{"embeddable":true,"href":"https:\/\/diarioregionaldigital.com.br\/index.php?rest_route=%2Fwp%2Fv2%2Fcomments&post=171888"}],"version-history":[{"count":0,"href":"https:\/\/diarioregionaldigital.com.br\/index.php?rest_route=\/wp\/v2\/posts\/171888\/revisions"}],"wp:featuredmedia":[{"embeddable":true,"href":"https:\/\/diarioregionaldigital.com.br\/index.php?rest_route=\/wp\/v2\/media\/171889"}],"wp:attachment":[{"href":"https:\/\/diarioregionaldigital.com.br\/index.php?rest_route=%2Fwp%2Fv2%2Fmedia&parent=171888"}],"wp:term":[{"taxonomy":"category","embeddable":true,"href":"https:\/\/diarioregionaldigital.com.br\/index.php?rest_route=%2Fwp%2Fv2%2Fcategories&post=171888"},{"taxonomy":"post_tag","embeddable":true,"href":"https:\/\/diarioregionaldigital.com.br\/index.php?rest_route=%2Fwp%2Fv2%2Ftags&post=171888"}],"curies":[{"name":"wp","href":"https:\/\/api.w.org\/{rel}","templated":true}]}}