{"id":171885,"date":"2020-10-27T15:54:18","date_gmt":"2020-10-27T18:54:18","guid":{"rendered":"https:\/\/diarioregionaldigital.com.br\/?p=171885"},"modified":"2020-10-27T15:54:18","modified_gmt":"2020-10-27T18:54:18","slug":"projeto-proibe-punicao-a-manifestacao-politica-em-eventos-esportivos","status":"publish","type":"post","link":"https:\/\/diarioregionaldigital.com.br\/?p=171885","title":{"rendered":"Projeto pro\u00edbe puni\u00e7\u00e3o a manifesta\u00e7\u00e3o pol\u00edtica em eventos esportivos"},"content":{"rendered":"<p><span style=\"font-weight: 400;\">O senador Rom\u00e1rio (Podemos-RJ) apresentou projeto de lei (PL 5.004\/2020) que altera a Lei Pel\u00e9 (Lei 9.615, de 1998) proibindo a puni\u00e7\u00e3o de atletas por manifesta\u00e7\u00e3o de pensamento em competi\u00e7\u00f5es esportivas.<\/span><\/p>\n<p><span style=\"font-weight: 400;\">De acordo com o texto, a imposi\u00e7\u00e3o de penas disciplinares a atletas por manifesta\u00e7\u00e3o de natureza pol\u00edtica s\u00f3 ocorrer\u00e1 se houver ofensa direta e expressa, durante a disputa de uma competi\u00e7\u00e3o, a um de seus participantes, patrocinadores ou organizadores.<\/span><\/p>\n<h3><b>Caso Carol Solberg<\/b><\/h3>\n<p><span style=\"font-weight: 400;\">O senador destacou que o Superior Tribunal de Justi\u00e7a Desportiva (STJD) recentemente aplicou advert\u00eancia de \u201cnatureza disciplinar para atletas por meio de equivocadas interpreta\u00e7\u00f5es jur\u00eddicas sobre manifesta\u00e7\u00f5es de natureza pol\u00edtica\u201d.<\/span><\/p>\n<p><span style=\"font-weight: 400;\">Rom\u00e1rio se referia ao caso da jogadora de v\u00f4lei de praia, Carol Solberg, por dizer \u201cFora Bolsonaro\u201d, em entrevista ap\u00f3s o jogo do Circuito Nacional realizado em Saquarema (RJ), no dia 20 de setembro.<\/span><\/p>\n<p><span style=\"font-weight: 400;\">\u201cTal exerc\u00edcio, dentro da din\u00e2mica esportiva, apenas deve encontrar exce\u00e7\u00e3o se esbarrar em ofensas diretas a atores envolvidos na disputa, organiza\u00e7\u00e3o e patroc\u00ednio da pr\u00f3pria competi\u00e7\u00e3o, a\u00e7\u00e3o que poder\u00e1 ensejar infra\u00e7\u00e3o de natureza disciplinar cingida \u00e0 estrita esfera desportiva. Punir um atleta por se manifestar contrariamente a um personagem estranho \u00e0 competi\u00e7\u00e3o, e que n\u00e3o atrapalhe o seu andamento, \u00e9 indubitavelmente um constrangimento ao disposto no art. 5\u00b0 de nossa Carta Maior\u201d, explicou o senador na justificativa do projeto.<\/span><\/p>\n<p><strong>Fonte:\u00a0<\/strong>Ag\u00eancia Senado<\/p>\n","protected":false},"excerpt":{"rendered":"<p>O senador Rom\u00e1rio (Podemos-RJ) apresentou projeto de lei (PL 5.004\/2020) que altera a Lei Pel\u00e9 (Lei 9.615, de 1998) proibindo a puni\u00e7\u00e3o de atletas por manifesta\u00e7\u00e3o de pensamento em competi\u00e7\u00f5es esportivas. De acordo com o texto, a imposi\u00e7\u00e3o de penas disciplinares a atletas por manifesta\u00e7\u00e3o de natureza pol\u00edtica s\u00f3 ocorrer\u00e1 se houver ofensa direta e [&hellip;]<\/p>\n","protected":false},"author":96,"featured_media":171886,"comment_status":"closed","ping_status":"closed","sticky":false,"template":"","format":"standard","meta":{"footnotes":""},"categories":[436,257,439],"tags":[],"class_list":["post-171885","post","type-post","status-publish","format-standard","has-post-thumbnail","hentry","category-destaque-da-semana","category-esporte","category-ultima-hora"],"_links":{"self":[{"href":"https:\/\/diarioregionaldigital.com.br\/index.php?rest_route=\/wp\/v2\/posts\/171885","targetHints":{"allow":["GET"]}}],"collection":[{"href":"https:\/\/diarioregionaldigital.com.br\/index.php?rest_route=\/wp\/v2\/posts"}],"about":[{"href":"https:\/\/diarioregionaldigital.com.br\/index.php?rest_route=\/wp\/v2\/types\/post"}],"author":[{"embeddable":true,"href":"https:\/\/diarioregionaldigital.com.br\/index.php?rest_route=\/wp\/v2\/users\/96"}],"replies":[{"embeddable":true,"href":"https:\/\/diarioregionaldigital.com.br\/index.php?rest_route=%2Fwp%2Fv2%2Fcomments&post=171885"}],"version-history":[{"count":0,"href":"https:\/\/diarioregionaldigital.com.br\/index.php?rest_route=\/wp\/v2\/posts\/171885\/revisions"}],"wp:featuredmedia":[{"embeddable":true,"href":"https:\/\/diarioregionaldigital.com.br\/index.php?rest_route=\/wp\/v2\/media\/171886"}],"wp:attachment":[{"href":"https:\/\/diarioregionaldigital.com.br\/index.php?rest_route=%2Fwp%2Fv2%2Fmedia&parent=171885"}],"wp:term":[{"taxonomy":"category","embeddable":true,"href":"https:\/\/diarioregionaldigital.com.br\/index.php?rest_route=%2Fwp%2Fv2%2Fcategories&post=171885"},{"taxonomy":"post_tag","embeddable":true,"href":"https:\/\/diarioregionaldigital.com.br\/index.php?rest_route=%2Fwp%2Fv2%2Ftags&post=171885"}],"curies":[{"name":"wp","href":"https:\/\/api.w.org\/{rel}","templated":true}]}}