{"id":171882,"date":"2020-10-27T15:36:27","date_gmt":"2020-10-27T18:36:27","guid":{"rendered":"https:\/\/diarioregionaldigital.com.br\/?p=171882"},"modified":"2020-10-27T15:36:27","modified_gmt":"2020-10-27T18:36:27","slug":"bombeiros-controlam-incendio-no-hospital-de-bonsucesso","status":"publish","type":"post","link":"https:\/\/diarioregionaldigital.com.br\/?p=171882","title":{"rendered":"Bombeiros controlam inc\u00eandio no hospital de Bonsucesso"},"content":{"rendered":"<p>O principal foco de inc\u00eandio no Pr\u00e9dio 1 do Hospital Federal de Bonsucesso est\u00e1 controlado.\u00a0De acordo com o porta-voz do Corpo de Bombeiros, tenente-coronel Lauro Botto, os militares fazem agora um trabalho de rescaldo e dispers\u00e3o da fuma\u00e7a. O inc\u00eandio come\u00e7ou no meio da manh\u00e3 de hoje (27) e teria iniciado em um dep\u00f3sito de fraldas no almoxarifado, que fica no subsolo do pr\u00e9dio 1.\u00a0<img decoding=\"async\" src=\"https:\/\/agenciabrasil.ebc.com.br\/ebc.png?id=1391612&amp;o=node\" \/><img decoding=\"async\" src=\"https:\/\/agenciabrasil.ebc.com.br\/ebc.gif?id=1391612&amp;o=node\" \/><\/p>\n<p>\u201cA nossa maior preocupa\u00e7\u00e3o era n\u00e3o deixar que o inc\u00eandio se propagasse para outras unidades aqui do hospital e conseguimos. O inc\u00eandio se manteve exclusivamente no pr\u00e9dio 1. A gente n\u00e3o teve propaga\u00e7\u00e3o para outros pr\u00e9dios. Tanto a estrutura quanto o funcionamento de outras unidades aqui do hospital est\u00e3o funcionando normalmente\u201d, disse Botto.<\/p>\n<p>De acordo com o tenente-coronel, cerca de 200 pacientes tiveram que ser removidos da enfermaria do pr\u00e9dio 1. Cerca de 170 foram alocados em outros pr\u00e9dios do pr\u00f3prio hospital. Outros 25, em estado mais grave, tiveram que ser transferidos para outras oito unidades hospitalares da cidade. Dos pacientes transferidos, oito est\u00e3o com covid-19.<\/p>\n<p>At\u00e9 o momento, n\u00e3o h\u00e1 informa\u00e7\u00f5es sobre feridos em decorr\u00eancia do inc\u00eandio ou de v\u00edtimas de intoxica\u00e7\u00e3o por inala\u00e7\u00e3o da fuma\u00e7a.\u00a0Durante o trabalho de retirada dos pacientes, alguns chegaram a ser atendidos dentro de uma borracharia que fica em frente ao hospital.<\/p>\n<p>Segundo o porta-voz, \u00e9 preciso que a Defesa Civil fa\u00e7a uma avalia\u00e7\u00e3o do pr\u00e9dio atingido para saber se ele poder\u00e1 ser liberado ou se ele ser\u00e1 interditado.<\/p>\n<p><strong>Fonte:\u00a0<\/strong>Assessoria<\/p>\n","protected":false},"excerpt":{"rendered":"<p>O principal foco de inc\u00eandio no Pr\u00e9dio 1 do Hospital Federal de Bonsucesso est\u00e1 controlado.\u00a0De acordo com o porta-voz do Corpo de Bombeiros, tenente-coronel Lauro Botto, os militares fazem agora um trabalho de rescaldo e dispers\u00e3o da fuma\u00e7a. O inc\u00eandio come\u00e7ou no meio da manh\u00e3 de hoje (27) e teria iniciado em um dep\u00f3sito de [&hellip;]<\/p>\n","protected":false},"author":96,"featured_media":171883,"comment_status":"closed","ping_status":"closed","sticky":false,"template":"","format":"standard","meta":{"footnotes":""},"categories":[302,436,439],"tags":[],"class_list":["post-171882","post","type-post","status-publish","format-standard","has-post-thumbnail","hentry","category-brasil-mundo","category-destaque-da-semana","category-ultima-hora"],"_links":{"self":[{"href":"https:\/\/diarioregionaldigital.com.br\/index.php?rest_route=\/wp\/v2\/posts\/171882","targetHints":{"allow":["GET"]}}],"collection":[{"href":"https:\/\/diarioregionaldigital.com.br\/index.php?rest_route=\/wp\/v2\/posts"}],"about":[{"href":"https:\/\/diarioregionaldigital.com.br\/index.php?rest_route=\/wp\/v2\/types\/post"}],"author":[{"embeddable":true,"href":"https:\/\/diarioregionaldigital.com.br\/index.php?rest_route=\/wp\/v2\/users\/96"}],"replies":[{"embeddable":true,"href":"https:\/\/diarioregionaldigital.com.br\/index.php?rest_route=%2Fwp%2Fv2%2Fcomments&post=171882"}],"version-history":[{"count":0,"href":"https:\/\/diarioregionaldigital.com.br\/index.php?rest_route=\/wp\/v2\/posts\/171882\/revisions"}],"wp:featuredmedia":[{"embeddable":true,"href":"https:\/\/diarioregionaldigital.com.br\/index.php?rest_route=\/wp\/v2\/media\/171883"}],"wp:attachment":[{"href":"https:\/\/diarioregionaldigital.com.br\/index.php?rest_route=%2Fwp%2Fv2%2Fmedia&parent=171882"}],"wp:term":[{"taxonomy":"category","embeddable":true,"href":"https:\/\/diarioregionaldigital.com.br\/index.php?rest_route=%2Fwp%2Fv2%2Fcategories&post=171882"},{"taxonomy":"post_tag","embeddable":true,"href":"https:\/\/diarioregionaldigital.com.br\/index.php?rest_route=%2Fwp%2Fv2%2Ftags&post=171882"}],"curies":[{"name":"wp","href":"https:\/\/api.w.org\/{rel}","templated":true}]}}