{"id":171878,"date":"2020-10-27T15:31:30","date_gmt":"2020-10-27T18:31:30","guid":{"rendered":"https:\/\/diarioregionaldigital.com.br\/?p=171878"},"modified":"2020-10-27T15:31:41","modified_gmt":"2020-10-27T18:31:41","slug":"selecao-feminina-encerra-periodo-de-treinamentos-em-portugal","status":"publish","type":"post","link":"https:\/\/diarioregionaldigital.com.br\/?p=171878","title":{"rendered":"Sele\u00e7\u00e3o Feminina encerra per\u00edodo de treinamentos em Portugal"},"content":{"rendered":"<p><span style=\"font-weight: 400;\">Visando a prepara\u00e7\u00e3o para os Jogos Ol\u00edmpicos de T\u00f3quio 2020 (adiados para 2021), a Sele\u00e7\u00e3o Feminina do Brasil, encerrou o per\u00edodo de treinamentos na cidade de Portim\u00e3o em Portugal. O time comandado pela t\u00e9cnica Pia Sundhage, chegou ao pa\u00eds ib\u00e9rico no \u00faltimo dia 19 deste m\u00eas e as 21 jogadoras <\/span><span style=\"font-weight: 400;\">realizaram atividades durante a Data FIFA. Nesta lista, foram chamadas apenas jogadoras que atuam nos Estados Unidos, China e pa\u00edses da Europa.<\/span><\/p>\n<p><span style=\"font-weight: 400;\">Em mar\u00e7o, a equipe participou do Torneio Internacional da Fran\u00e7a, enfrentando Canad\u00e1, Holanda e as donas da casa. No m\u00eas de setembro, o time retomou com as atividades presenciais na Granja Comary em Teres\u00f3polis-RJ, desde o in\u00edcio da pandemia.\u00a0\u00a0<\/span><\/p>\n<p><span style=\"font-weight: 400;\">Nesta etapa de prepara\u00e7\u00e3o, a comiss\u00e3o t\u00e9cnica elaborou uma programa\u00e7\u00e3o de treinos e reuni\u00f5es, para aprimorar ainda mais as convoca\u00e7\u00f5es. O planejamento foi igual ao per\u00edodo na Granja Comary, em Teres\u00f3polis, no m\u00eas de setembro, que contou apenas com atletas que atuavam no Brasil.\u00a0<\/span><\/p>\n<p><span style=\"font-weight: 400;\">A estrat\u00e9gia de realizar treinamentos fora do Brasil, se deve por conta das dificuldades e restri\u00e7\u00f5es de viagens internacionais, em decorr\u00eancia da pandemia do Coronav\u00edrus. Ap\u00f3s o per\u00edodo de treinamentos, Sundhage avaliou a experi\u00eancia de forma positiva e tamb\u00e9m fala sobre a oportunidade de estar com as atletas e faz\u00ea-las entender o padr\u00e3o de jogo concebido para a sele\u00e7\u00e3o:<\/span><\/p>\n<p><span style=\"font-weight: 400;\">&#8220;Esses dois per\u00edodos de treinos foram muito importantes. Tivemos muitos dias juntos [18, sendo nove no Brasil e nove em Portugal], que foram diferentes. Aqui na Europa, a intensidade foi um pouco maior. No fim das contas, as duas convoca\u00e7\u00f5es trabalharam nossa ideia de jogo. O objetivo \u00e9 que todas estejam na mesma sintonia, em ideia de jogo e intensidade&#8221;, afirma Pia, em entrevista coletiva por videoconfer\u00eancia.<\/span><\/p>\n<p><span style=\"font-weight: 400;\">Nesta etapa de prepara\u00e7\u00e3o, a treinadora apostou tamb\u00e9m em jogadoras que atuam na Europa. Com destaque para as estreias de Giovanna, La\u00eds e Ana Vit\u00f3ria, al\u00e9m da atacante Mylena, na Sele\u00e7\u00e3o Principal. Soma-se a este n\u00famero, as atletas que retornam \u00e0 equipe e foram convocadas pela primeira vez pela t\u00e9cnica sueca, como a goleira Daniele, a defensora Rayanne, e as atacantes Nycole e Val\u00e9ria.<\/span><\/p>\n<p><span style=\"font-weight: 400;\">Dentre as referidas atletas, a meia Giovanna, hoje jogadora do Barcelona, conta sobre a experi\u00eancia de vestir a Amarelinha pela primeira vez:<\/span><\/p>\n<p><span style=\"font-weight: 400;\">&#8220;Estou muito feliz! Sempre foi um sonho jogar com a Sele\u00e7\u00e3o Brasileira, desde pequenininha, e eu estou muito contente. Nunca imaginei que tr\u00eas Sele\u00e7\u00f5es iriam me convocar, e estou muito feliz porque s\u00e3o tr\u00eas sele\u00e7\u00f5es muito boas, ent\u00e3o quero aproveitar muito a experi\u00eancia. Na Sele\u00e7\u00e3o Sub-17, eu jogo com as meninas da minha idade, mas aqui as meninas tamb\u00e9m s\u00e3o gente boa e jogam muito bem. Eu ainda estou me adaptando com as brasileiras, mas estou muito feliz com essas duas experi\u00eancias, tanto na sub-17 quanto na principal&#8221;, conta.<\/span><\/p>\n<p><span style=\"font-weight: 400;\">Durante o per\u00edodo de prepara\u00e7\u00e3o, o time realizou jogo-treino no domingo (25), no qual a t\u00e9cnica Pia Sundhage dividiu o grupo em duas equipes em &#8220;A e B&#8221;, e aproveitou a oportunidade para testar as atletas em situa\u00e7\u00e3o de jogo. A escala\u00e7\u00e3o do time A foi composta por: Aline; Maria, Lais, Rafa e Jucinara; Giovanna, Formiga, Luana e Marta; Ludmila\u00a0 e Debinha. J\u00e1 o time B contou com: Natascha\/Dani; Raiane, Kathellen, Tiago (Portimonense) e Mylena; Millene, Ana Vit\u00f3ria, Gon\u00e7alo (Portimonense) e Val\u00e9ria; Raquel e Nycole.<\/span><\/p>\n<p><span style=\"font-weight: 400;\"> Com sete gols, a equipe A acabou vencendo por 4 a 3; Marta (2x), Formiga e Debinha foram as respons\u00e1veis por balan\u00e7ar as redes, j\u00e1 pelo lado B, os gols foram de Val\u00e9ria (2x) e Nycole.<\/span><\/p>\n","protected":false},"excerpt":{"rendered":"<p>Visando a prepara\u00e7\u00e3o para os Jogos Ol\u00edmpicos de T\u00f3quio 2020 (adiados para 2021), a Sele\u00e7\u00e3o Feminina do Brasil, encerrou o per\u00edodo de treinamentos na cidade de Portim\u00e3o em Portugal. O time comandado pela t\u00e9cnica Pia Sundhage, chegou ao pa\u00eds ib\u00e9rico no \u00faltimo dia 19 deste m\u00eas e as 21 jogadoras realizaram atividades durante a Data [&hellip;]<\/p>\n","protected":false},"author":96,"featured_media":171879,"comment_status":"closed","ping_status":"closed","sticky":false,"template":"","format":"standard","meta":{"footnotes":""},"categories":[436,257,439],"tags":[],"class_list":["post-171878","post","type-post","status-publish","format-standard","has-post-thumbnail","hentry","category-destaque-da-semana","category-esporte","category-ultima-hora"],"_links":{"self":[{"href":"https:\/\/diarioregionaldigital.com.br\/index.php?rest_route=\/wp\/v2\/posts\/171878","targetHints":{"allow":["GET"]}}],"collection":[{"href":"https:\/\/diarioregionaldigital.com.br\/index.php?rest_route=\/wp\/v2\/posts"}],"about":[{"href":"https:\/\/diarioregionaldigital.com.br\/index.php?rest_route=\/wp\/v2\/types\/post"}],"author":[{"embeddable":true,"href":"https:\/\/diarioregionaldigital.com.br\/index.php?rest_route=\/wp\/v2\/users\/96"}],"replies":[{"embeddable":true,"href":"https:\/\/diarioregionaldigital.com.br\/index.php?rest_route=%2Fwp%2Fv2%2Fcomments&post=171878"}],"version-history":[{"count":0,"href":"https:\/\/diarioregionaldigital.com.br\/index.php?rest_route=\/wp\/v2\/posts\/171878\/revisions"}],"wp:featuredmedia":[{"embeddable":true,"href":"https:\/\/diarioregionaldigital.com.br\/index.php?rest_route=\/wp\/v2\/media\/171879"}],"wp:attachment":[{"href":"https:\/\/diarioregionaldigital.com.br\/index.php?rest_route=%2Fwp%2Fv2%2Fmedia&parent=171878"}],"wp:term":[{"taxonomy":"category","embeddable":true,"href":"https:\/\/diarioregionaldigital.com.br\/index.php?rest_route=%2Fwp%2Fv2%2Fcategories&post=171878"},{"taxonomy":"post_tag","embeddable":true,"href":"https:\/\/diarioregionaldigital.com.br\/index.php?rest_route=%2Fwp%2Fv2%2Ftags&post=171878"}],"curies":[{"name":"wp","href":"https:\/\/api.w.org\/{rel}","templated":true}]}}