{"id":171875,"date":"2020-10-27T15:05:41","date_gmt":"2020-10-27T18:05:41","guid":{"rendered":"https:\/\/diarioregionaldigital.com.br\/?p=171875"},"modified":"2020-10-27T15:05:41","modified_gmt":"2020-10-27T18:05:41","slug":"gianni-infantino-presidente-da-fifa-testa-positivo-para-coronavirus","status":"publish","type":"post","link":"https:\/\/diarioregionaldigital.com.br\/?p=171875","title":{"rendered":"Gianni Infantino, presidente da FIFA, testa positivo para Coronav\u00edrus"},"content":{"rendered":"<p><span style=\"font-weight: 400;\">A FIFA anunciou em comunicado oficial divulgado nesta ter\u00e7a-feira (27), que Gianni Infantino, 50 anos, presidente da entidade, testou positivo para Coronav\u00edrus. A informa\u00e7\u00e3o foi divulgada pela ag\u00eancia de not\u00edcias <\/span><i><span style=\"font-weight: 400;\">Reuters<\/span><\/i><span style=\"font-weight: 400;\"> e confirmada pela Federa\u00e7\u00e3o.<\/span><\/p>\n<p><span style=\"font-weight: 400;\">Conforme a nota, o mandat\u00e1rio apresenta sintomas leves e est\u00e1 em isolamento social, por pelo menos 10 dias. Al\u00e9m disso, todas as pessoas que tiveram contato com o su\u00ed\u00e7o, tamb\u00e9m est\u00e3o isoladas. A FIFA encerra o comunicado, desejando \u201cao Presidente Infantino uma recupera\u00e7\u00e3o r\u00e1pida.&#8221;<\/span><\/p>\n<p><b>Trabalho no futebol<\/b><\/p>\n<p><span style=\"font-weight: 400;\">Gianni Infantino come\u00e7ou a trabalhar diretamente no futebol, em 2000, quando atuou na \u00e1rea de <\/span><span style=\"font-weight: 400;\">gabinete jur\u00eddico e legal da Uni\u00e3o das Associa\u00e7\u00f5es Europeias de Futebol (UEFA). Quatro anos depois tornou-se diretor para os assuntos legais e para o licenciamento dos clubes, at\u00e9 que em 2009 tornou-se secret\u00e1rio-Geral.\u00a0<\/span><\/p>\n<p><span style=\"font-weight: 400;\">Em outubro de 2015, se tornou candidato \u00e0 presid\u00eancia da FIFA e recebeu total apoio da UEFA. Em fevereiro do ano seguinte, venceu as elei\u00e7\u00f5es da entidade m\u00e1xima do futebol mundial. Ele venceu na segunda vota\u00e7\u00e3o por 115 votos a 88 contra Salman Bin Ibrahim Al-Khalifa do Bahrein.<\/span><\/p>\n<p><span style=\"font-weight: 400;\">Desde que assumiu o cargo, promoveu s\u00e9rie de mudan\u00e7as, principalmente entre as competi\u00e7\u00f5es da entidade. Dentre elas, a amplia\u00e7\u00e3o de 32 para 48 sele\u00e7\u00f5es participantes na Copa do Mundo, que estar\u00e1 em vigor a partir da edi\u00e7\u00e3o de 2026, cuja edi\u00e7\u00e3o ser\u00e1 sediada no Canad\u00e1, Estados Unidos e M\u00e9xico.<\/span><\/p>\n","protected":false},"excerpt":{"rendered":"<p>A FIFA anunciou em comunicado oficial divulgado nesta ter\u00e7a-feira (27), que Gianni Infantino, 50 anos, presidente da entidade, testou positivo para Coronav\u00edrus. A informa\u00e7\u00e3o foi divulgada pela ag\u00eancia de not\u00edcias Reuters e confirmada pela Federa\u00e7\u00e3o. Conforme a nota, o mandat\u00e1rio apresenta sintomas leves e est\u00e1 em isolamento social, por pelo menos 10 dias. Al\u00e9m disso, [&hellip;]<\/p>\n","protected":false},"author":96,"featured_media":171876,"comment_status":"closed","ping_status":"closed","sticky":false,"template":"","format":"standard","meta":{"footnotes":""},"categories":[436,257,439],"tags":[],"class_list":["post-171875","post","type-post","status-publish","format-standard","has-post-thumbnail","hentry","category-destaque-da-semana","category-esporte","category-ultima-hora"],"_links":{"self":[{"href":"https:\/\/diarioregionaldigital.com.br\/index.php?rest_route=\/wp\/v2\/posts\/171875","targetHints":{"allow":["GET"]}}],"collection":[{"href":"https:\/\/diarioregionaldigital.com.br\/index.php?rest_route=\/wp\/v2\/posts"}],"about":[{"href":"https:\/\/diarioregionaldigital.com.br\/index.php?rest_route=\/wp\/v2\/types\/post"}],"author":[{"embeddable":true,"href":"https:\/\/diarioregionaldigital.com.br\/index.php?rest_route=\/wp\/v2\/users\/96"}],"replies":[{"embeddable":true,"href":"https:\/\/diarioregionaldigital.com.br\/index.php?rest_route=%2Fwp%2Fv2%2Fcomments&post=171875"}],"version-history":[{"count":0,"href":"https:\/\/diarioregionaldigital.com.br\/index.php?rest_route=\/wp\/v2\/posts\/171875\/revisions"}],"wp:featuredmedia":[{"embeddable":true,"href":"https:\/\/diarioregionaldigital.com.br\/index.php?rest_route=\/wp\/v2\/media\/171876"}],"wp:attachment":[{"href":"https:\/\/diarioregionaldigital.com.br\/index.php?rest_route=%2Fwp%2Fv2%2Fmedia&parent=171875"}],"wp:term":[{"taxonomy":"category","embeddable":true,"href":"https:\/\/diarioregionaldigital.com.br\/index.php?rest_route=%2Fwp%2Fv2%2Fcategories&post=171875"},{"taxonomy":"post_tag","embeddable":true,"href":"https:\/\/diarioregionaldigital.com.br\/index.php?rest_route=%2Fwp%2Fv2%2Ftags&post=171875"}],"curies":[{"name":"wp","href":"https:\/\/api.w.org\/{rel}","templated":true}]}}