{"id":171872,"date":"2020-10-27T14:08:13","date_gmt":"2020-10-27T17:08:13","guid":{"rendered":"https:\/\/diarioregionaldigital.com.br\/?p=171872"},"modified":"2020-10-27T14:08:13","modified_gmt":"2020-10-27T17:08:13","slug":"por-conta-da-pandemia-do-covid-19-evento-merito-esportivo-panathlon-e-cancelado","status":"publish","type":"post","link":"https:\/\/diarioregionaldigital.com.br\/?p=171872","title":{"rendered":"Por conta da pandemia do Covid-19, evento M\u00e9rito Esportivo Panathlon \u00e9 cancelado"},"content":{"rendered":"<p><span style=\"font-weight: 400;\">Em decorr\u00eancia da pandemia do Coronav\u00edrus, o tradicional evento M\u00e9rito Esportivo Panathlon, teve sua edi\u00e7\u00e3o deste ano cancelada. A honraria condecora <\/span><span style=\"font-weight: 400;\">destaques como atletas, t\u00e9cnicos, arbitragem, imprensa, entidades e empresas, que fazem investimentos no esporte em Juiz de Fora.<\/span><\/p>\n<p><span style=\"font-weight: 400;\">O an\u00fancio do cancelamento foi feito pelo presidente do Panathlon Club Juiz de Fora, Basileu Tavares, \u201cdiante da pandemia da Covid-19, seus impactos e cen\u00e1rio imprevis\u00edvel, das orienta\u00e7\u00f5es dadas pelas autoridades sanit\u00e1rias, para o combate ao Coronav\u00edrus e intensifica\u00e7\u00e3o das iniciativas preventivas para reduzir as possibilidades de propaga\u00e7\u00e3o, evitando a prolifera\u00e7\u00e3o\u201d.<\/span><\/p>\n<p><span style=\"font-weight: 400;\">O comunicado oficial refor\u00e7a que o evento deve ser retomado no pr\u00f3ximo ano e que as atividades no clube permanecem em atividade, atrav\u00e9s de encontros virtuais.<\/span><\/p>\n","protected":false},"excerpt":{"rendered":"<p>Em decorr\u00eancia da pandemia do Coronav\u00edrus, o tradicional evento M\u00e9rito Esportivo Panathlon, teve sua edi\u00e7\u00e3o deste ano cancelada. A honraria condecora destaques como atletas, t\u00e9cnicos, arbitragem, imprensa, entidades e empresas, que fazem investimentos no esporte em Juiz de Fora. O an\u00fancio do cancelamento foi feito pelo presidente do Panathlon Club Juiz de Fora, Basileu Tavares, [&hellip;]<\/p>\n","protected":false},"author":96,"featured_media":171873,"comment_status":"closed","ping_status":"closed","sticky":false,"template":"","format":"standard","meta":{"footnotes":""},"categories":[436,257,439],"tags":[],"class_list":["post-171872","post","type-post","status-publish","format-standard","has-post-thumbnail","hentry","category-destaque-da-semana","category-esporte","category-ultima-hora"],"_links":{"self":[{"href":"https:\/\/diarioregionaldigital.com.br\/index.php?rest_route=\/wp\/v2\/posts\/171872","targetHints":{"allow":["GET"]}}],"collection":[{"href":"https:\/\/diarioregionaldigital.com.br\/index.php?rest_route=\/wp\/v2\/posts"}],"about":[{"href":"https:\/\/diarioregionaldigital.com.br\/index.php?rest_route=\/wp\/v2\/types\/post"}],"author":[{"embeddable":true,"href":"https:\/\/diarioregionaldigital.com.br\/index.php?rest_route=\/wp\/v2\/users\/96"}],"replies":[{"embeddable":true,"href":"https:\/\/diarioregionaldigital.com.br\/index.php?rest_route=%2Fwp%2Fv2%2Fcomments&post=171872"}],"version-history":[{"count":0,"href":"https:\/\/diarioregionaldigital.com.br\/index.php?rest_route=\/wp\/v2\/posts\/171872\/revisions"}],"wp:featuredmedia":[{"embeddable":true,"href":"https:\/\/diarioregionaldigital.com.br\/index.php?rest_route=\/wp\/v2\/media\/171873"}],"wp:attachment":[{"href":"https:\/\/diarioregionaldigital.com.br\/index.php?rest_route=%2Fwp%2Fv2%2Fmedia&parent=171872"}],"wp:term":[{"taxonomy":"category","embeddable":true,"href":"https:\/\/diarioregionaldigital.com.br\/index.php?rest_route=%2Fwp%2Fv2%2Fcategories&post=171872"},{"taxonomy":"post_tag","embeddable":true,"href":"https:\/\/diarioregionaldigital.com.br\/index.php?rest_route=%2Fwp%2Fv2%2Ftags&post=171872"}],"curies":[{"name":"wp","href":"https:\/\/api.w.org\/{rel}","templated":true}]}}