{"id":171870,"date":"2020-10-27T13:57:09","date_gmt":"2020-10-27T16:57:09","guid":{"rendered":"https:\/\/diarioregionaldigital.com.br\/?p=171870"},"modified":"2020-10-27T13:57:09","modified_gmt":"2020-10-27T16:57:09","slug":"homem-recebe-facada-nas-costas-no-bairro-santa-cecilia","status":"publish","type":"post","link":"https:\/\/diarioregionaldigital.com.br\/?p=171870","title":{"rendered":"Homem recebe facada nas costas, no Bairro Santa Cec\u00edlia"},"content":{"rendered":"<p>Na noite de segunda-feira (26), um homem de 37 anos, transitava pela Rua Gabriel Rodrigues, no Bairro Santa Cec\u00edlia (Regi\u00e3o Central), quando em um determinado momento, foi surpreendido por um homem de 30 anos. De acordo com o boletim de ocorr\u00eancia da Pol\u00edcia Militar (PM), uma testemunha observou que a v\u00edtima foi esfaqueada nas costas, sendo esta encaminhada ao Hospital Pronto-Socorro (HPS).<\/p>\n<p>Ao chegar na unidade hospitalar, os m\u00e9dicos constataram ferimento profundo na regi\u00e3o do golpe, tendo lesionado o pulm\u00e3o e art\u00e9ria pulmonar, causando forte hemorragia. Conforme o boletim, o estado paciente \u00e9 considerado grave e corre risco de morte. O autor do crime fugiu e n\u00e3o foi encontrado.<\/p>\n","protected":false},"excerpt":{"rendered":"<p>Na noite de segunda-feira (26), um homem de 37 anos, transitava pela Rua Gabriel Rodrigues, no Bairro Santa Cec\u00edlia (Regi\u00e3o Central), quando em um determinado momento, foi surpreendido por um homem de 30 anos. De acordo com o boletim de ocorr\u00eancia da Pol\u00edcia Militar (PM), uma testemunha observou que a v\u00edtima foi esfaqueada nas costas, [&hellip;]<\/p>\n","protected":false},"author":96,"featured_media":165308,"comment_status":"closed","ping_status":"closed","sticky":false,"template":"","format":"standard","meta":{"footnotes":""},"categories":[301,436,439],"tags":[],"class_list":["post-171870","post","type-post","status-publish","format-standard","has-post-thumbnail","hentry","category-artigos-policiais","category-destaque-da-semana","category-ultima-hora"],"_links":{"self":[{"href":"https:\/\/diarioregionaldigital.com.br\/index.php?rest_route=\/wp\/v2\/posts\/171870","targetHints":{"allow":["GET"]}}],"collection":[{"href":"https:\/\/diarioregionaldigital.com.br\/index.php?rest_route=\/wp\/v2\/posts"}],"about":[{"href":"https:\/\/diarioregionaldigital.com.br\/index.php?rest_route=\/wp\/v2\/types\/post"}],"author":[{"embeddable":true,"href":"https:\/\/diarioregionaldigital.com.br\/index.php?rest_route=\/wp\/v2\/users\/96"}],"replies":[{"embeddable":true,"href":"https:\/\/diarioregionaldigital.com.br\/index.php?rest_route=%2Fwp%2Fv2%2Fcomments&post=171870"}],"version-history":[{"count":0,"href":"https:\/\/diarioregionaldigital.com.br\/index.php?rest_route=\/wp\/v2\/posts\/171870\/revisions"}],"wp:featuredmedia":[{"embeddable":true,"href":"https:\/\/diarioregionaldigital.com.br\/index.php?rest_route=\/wp\/v2\/media\/165308"}],"wp:attachment":[{"href":"https:\/\/diarioregionaldigital.com.br\/index.php?rest_route=%2Fwp%2Fv2%2Fmedia&parent=171870"}],"wp:term":[{"taxonomy":"category","embeddable":true,"href":"https:\/\/diarioregionaldigital.com.br\/index.php?rest_route=%2Fwp%2Fv2%2Fcategories&post=171870"},{"taxonomy":"post_tag","embeddable":true,"href":"https:\/\/diarioregionaldigital.com.br\/index.php?rest_route=%2Fwp%2Fv2%2Ftags&post=171870"}],"curies":[{"name":"wp","href":"https:\/\/api.w.org\/{rel}","templated":true}]}}