{"id":171867,"date":"2020-10-27T13:37:49","date_gmt":"2020-10-27T16:37:49","guid":{"rendered":"https:\/\/diarioregionaldigital.com.br\/?p=171867"},"modified":"2020-10-27T13:37:49","modified_gmt":"2020-10-27T16:37:49","slug":"jovem-recupera-telefone-celular-atraves-de-aplicativo-de-localizacao","status":"publish","type":"post","link":"https:\/\/diarioregionaldigital.com.br\/?p=171867","title":{"rendered":"Jovem recupera telefone celular, atrav\u00e9s de aplicativo de localiza\u00e7\u00e3o"},"content":{"rendered":"<p>Uma jovem de 25 anos, transitava pela Avenida Rio Branco, no Centro de Juiz de Fora, quando em um determinado momento, avistou um indiv\u00edduo trajando blusa escura, cal\u00e7a escura e bon\u00e9, andando de bicicleta pelo local. De acordo com o boletim da Pol\u00edcia Militar (PM), o autor deixou o ve\u00edculo no ch\u00e3o e correu atr\u00e1s da v\u00edtima e de posse de objeto pontiagudo.<\/p>\n<p>Instantes depois, ele abordou a v\u00edtima e encostou com o artefato na regi\u00e3o abdominal da mesma. Diante da situa\u00e7\u00e3o, ela entregou seu telefone celular e o suspeito fugiu de bicicleta, em dire\u00e7\u00e3o ao Bairro Ladeira (Regi\u00e3o Leste). Ap\u00f3s o ato, a jovem ligou para uma amiga, relatando sobre o caso, e esta conseguiu obter a localiza\u00e7\u00e3o do celular atrav\u00e9s de aplicativo de localiza\u00e7\u00e3o.<\/p>\n<p>A PM foi acionada e ap\u00f3s buscas no local, encontrou o referido indiv\u00edduo em via p\u00fablico e ele confessou o crime. Relata ainda que o aparelho estava em sua resid\u00eancia e que iria devolver. Diante dos fatos, ele foi preso em flagrante.<\/p>\n","protected":false},"excerpt":{"rendered":"<p>Uma jovem de 25 anos, transitava pela Avenida Rio Branco, no Centro de Juiz de Fora, quando em um determinado momento, avistou um indiv\u00edduo trajando blusa escura, cal\u00e7a escura e bon\u00e9, andando de bicicleta pelo local. De acordo com o boletim da Pol\u00edcia Militar (PM), o autor deixou o ve\u00edculo no ch\u00e3o e correu atr\u00e1s [&hellip;]<\/p>\n","protected":false},"author":96,"featured_media":171868,"comment_status":"closed","ping_status":"closed","sticky":false,"template":"","format":"standard","meta":{"footnotes":""},"categories":[301,436,439],"tags":[],"class_list":["post-171867","post","type-post","status-publish","format-standard","has-post-thumbnail","hentry","category-artigos-policiais","category-destaque-da-semana","category-ultima-hora"],"_links":{"self":[{"href":"https:\/\/diarioregionaldigital.com.br\/index.php?rest_route=\/wp\/v2\/posts\/171867","targetHints":{"allow":["GET"]}}],"collection":[{"href":"https:\/\/diarioregionaldigital.com.br\/index.php?rest_route=\/wp\/v2\/posts"}],"about":[{"href":"https:\/\/diarioregionaldigital.com.br\/index.php?rest_route=\/wp\/v2\/types\/post"}],"author":[{"embeddable":true,"href":"https:\/\/diarioregionaldigital.com.br\/index.php?rest_route=\/wp\/v2\/users\/96"}],"replies":[{"embeddable":true,"href":"https:\/\/diarioregionaldigital.com.br\/index.php?rest_route=%2Fwp%2Fv2%2Fcomments&post=171867"}],"version-history":[{"count":0,"href":"https:\/\/diarioregionaldigital.com.br\/index.php?rest_route=\/wp\/v2\/posts\/171867\/revisions"}],"wp:featuredmedia":[{"embeddable":true,"href":"https:\/\/diarioregionaldigital.com.br\/index.php?rest_route=\/wp\/v2\/media\/171868"}],"wp:attachment":[{"href":"https:\/\/diarioregionaldigital.com.br\/index.php?rest_route=%2Fwp%2Fv2%2Fmedia&parent=171867"}],"wp:term":[{"taxonomy":"category","embeddable":true,"href":"https:\/\/diarioregionaldigital.com.br\/index.php?rest_route=%2Fwp%2Fv2%2Fcategories&post=171867"},{"taxonomy":"post_tag","embeddable":true,"href":"https:\/\/diarioregionaldigital.com.br\/index.php?rest_route=%2Fwp%2Fv2%2Ftags&post=171867"}],"curies":[{"name":"wp","href":"https:\/\/api.w.org\/{rel}","templated":true}]}}