{"id":171864,"date":"2020-10-27T13:27:59","date_gmt":"2020-10-27T16:27:59","guid":{"rendered":"https:\/\/diarioregionaldigital.com.br\/?p=171864"},"modified":"2020-10-27T13:27:59","modified_gmt":"2020-10-27T16:27:59","slug":"homem-assalta-bar-na-rua-sao-sebastiao","status":"publish","type":"post","link":"https:\/\/diarioregionaldigital.com.br\/?p=171864","title":{"rendered":"Homem assalta bar na Rua S\u00e3o Sebasti\u00e3o"},"content":{"rendered":"<p>Na tarde de segunda-feira (26), um bar localizado na Rua S\u00e3o Sebasti\u00e3o (Regi\u00e3o Central), em Juiz de Fora, foi assaltado por um indiv\u00edduo com posse de faca e trajando blusa de frio preta, bon\u00e9 azul, m\u00e1scara branca e cal\u00e7a cinza. Segundo informa\u00e7\u00f5es do boletim de ocorr\u00eancia da Pol\u00edcia Militar (PM), a propriet\u00e1ria do estabelecimento relata que o suspeito exigiu todo o dinheiro do caixa. Durante o ato, ele levou o celular da v\u00edtima e fugiu em dire\u00e7\u00e3o \u00e0 Avenida Francisco Bernardino. No trajeto de fuga, o autor deixou a faca cair no ch\u00e3o, sendo esta recolhida pela guarni\u00e7\u00e3o e encaminhada para a Delegacia. O suspeito n\u00e3o foi localizado.<\/p>\n","protected":false},"excerpt":{"rendered":"<p>Na tarde de segunda-feira (26), um bar localizado na Rua S\u00e3o Sebasti\u00e3o (Regi\u00e3o Central), em Juiz de Fora, foi assaltado por um indiv\u00edduo com posse de faca e trajando blusa de frio preta, bon\u00e9 azul, m\u00e1scara branca e cal\u00e7a cinza. Segundo informa\u00e7\u00f5es do boletim de ocorr\u00eancia da Pol\u00edcia Militar (PM), a propriet\u00e1ria do estabelecimento relata [&hellip;]<\/p>\n","protected":false},"author":96,"featured_media":165308,"comment_status":"closed","ping_status":"closed","sticky":false,"template":"","format":"standard","meta":{"footnotes":""},"categories":[301,436,439],"tags":[],"class_list":["post-171864","post","type-post","status-publish","format-standard","has-post-thumbnail","hentry","category-artigos-policiais","category-destaque-da-semana","category-ultima-hora"],"_links":{"self":[{"href":"https:\/\/diarioregionaldigital.com.br\/index.php?rest_route=\/wp\/v2\/posts\/171864","targetHints":{"allow":["GET"]}}],"collection":[{"href":"https:\/\/diarioregionaldigital.com.br\/index.php?rest_route=\/wp\/v2\/posts"}],"about":[{"href":"https:\/\/diarioregionaldigital.com.br\/index.php?rest_route=\/wp\/v2\/types\/post"}],"author":[{"embeddable":true,"href":"https:\/\/diarioregionaldigital.com.br\/index.php?rest_route=\/wp\/v2\/users\/96"}],"replies":[{"embeddable":true,"href":"https:\/\/diarioregionaldigital.com.br\/index.php?rest_route=%2Fwp%2Fv2%2Fcomments&post=171864"}],"version-history":[{"count":0,"href":"https:\/\/diarioregionaldigital.com.br\/index.php?rest_route=\/wp\/v2\/posts\/171864\/revisions"}],"wp:featuredmedia":[{"embeddable":true,"href":"https:\/\/diarioregionaldigital.com.br\/index.php?rest_route=\/wp\/v2\/media\/165308"}],"wp:attachment":[{"href":"https:\/\/diarioregionaldigital.com.br\/index.php?rest_route=%2Fwp%2Fv2%2Fmedia&parent=171864"}],"wp:term":[{"taxonomy":"category","embeddable":true,"href":"https:\/\/diarioregionaldigital.com.br\/index.php?rest_route=%2Fwp%2Fv2%2Fcategories&post=171864"},{"taxonomy":"post_tag","embeddable":true,"href":"https:\/\/diarioregionaldigital.com.br\/index.php?rest_route=%2Fwp%2Fv2%2Ftags&post=171864"}],"curies":[{"name":"wp","href":"https:\/\/api.w.org\/{rel}","templated":true}]}}