{"id":171861,"date":"2020-10-27T13:15:31","date_gmt":"2020-10-27T16:15:31","guid":{"rendered":"https:\/\/diarioregionaldigital.com.br\/?p=171861"},"modified":"2020-10-27T13:15:31","modified_gmt":"2020-10-27T16:15:31","slug":"operacao-da-policia-civil-resulta-na-apreensao-de-dois-veiculos-clonados","status":"publish","type":"post","link":"https:\/\/diarioregionaldigital.com.br\/?p=171861","title":{"rendered":"Opera\u00e7\u00e3o da Pol\u00edcia Civil resulta na apreens\u00e3o de dois ve\u00edculos clonados"},"content":{"rendered":"<p><span style=\"font-weight: 400;\">Na noite de segunda-feira (28), a <\/span><span style=\"font-weight: 400;\">Delegacia Especializada de Repress\u00e3o a Roubos da<\/span> <span style=\"font-weight: 400;\">Pol\u00edcia Civil de Minas Gerais (PCMG), deflagrou uma opera\u00e7\u00e3o nos Bairros Santa Terezinha (Regi\u00e3o Nordeste) e Manoel Hon\u00f3rio (Regi\u00e3o Leste), que resultou na apreens\u00e3o de dois ve\u00edculos de luxo clonados, em Juiz de Fora. No acumulado em 2020, os policiais apreenderam um total de oito autom\u00f3veis, entre clonados e recuperados.<\/span><\/p>\n<p><span style=\"font-weight: 400;\">Ao todo, duas pessoas foram presas, de 26 e 48 anos, sendo estas encaminhadas <\/span><span style=\"font-weight: 400;\">\u00e0 1\u00aa Delegacia Regional no munic\u00edpio, para prestar esclarecimentos e responder\u00e3o a processo pelo crime de recepta\u00e7\u00e3o culposa.<\/span><\/p>\n<p><span style=\"font-weight: 400;\">De acordo com o Delegado Rodrigo Massaud, a opera\u00e7\u00e3o teve in\u00edcio na tarde de segunda-feira, a partir do momento em que um empres\u00e1rio da cidade, desconfiou da proced\u00eancia de um autom\u00f3vel que seria dado como garantia de empr\u00e9stimo e acionou os policiais civis:<\/span><\/p>\n<p><span style=\"font-weight: 400;\">\u201cA Pol\u00edcia Civil se fez presente em um estacionamento de um supermercado, onde o empres\u00e1rio analisava o ve\u00edculo, e realizou a vistoria do carro. Foi constatado se tratar de um autom\u00f3vel clonado. O jovem de 26 anos, propriet\u00e1rio do Volkswagen Tiguan, disse que n\u00e3o sabia que o ve\u00edculo era clonado e que pagou a quantia de R$110 mil\u201d, explica.\u00a0<\/span><\/p>\n<p><span style=\"font-weight: 400;\">Posteriormente, a PCMG recebeu den\u00fancias sobre outro autom\u00f3vel clonado. Este foi encontrado no in\u00edcio da noite, onde os policiais encontraram um Honda HR-V e durante a abordagem, foi constatado que este era conduzido por um homem de 48 anos:<\/span><\/p>\n<p><span style=\"font-weight: 400;\">\u201cO ve\u00edculo estava sendo utilizado como Uber por seu propriet\u00e1rio. Assim como o jovem, o homem tamb\u00e9m alegou ter sido v\u00edtima de um golpe e teria efetuado o pagamento de R$ 72 mil\u201d, informa.<\/span><\/p>\n<p><span style=\"font-weight: 400;\">Segundo o titular da Delegacia Especializada de Repress\u00e3o a Roubos, neste ano, a unidade policial j\u00e1 apreendeu oito autom\u00f3veis, entre clonados e recuperados de furto e de roubo, ap\u00f3s investiga\u00e7\u00e3o. Ele alerta sobre golpes envolvendo vendas de ve\u00edculos clonados.\u00a0 \u201cSempre destacamos a import\u00e2ncia de verificar a proced\u00eancia do autom\u00f3vel, antes de realizar a compra, bem como procurar se informar a respeito do vendedor do ve\u00edculo\u201d, conclui.<\/span><\/p>\n<p>&nbsp;<\/p>\n","protected":false},"excerpt":{"rendered":"<p>Na noite de segunda-feira (28), a Delegacia Especializada de Repress\u00e3o a Roubos da Pol\u00edcia Civil de Minas Gerais (PCMG), deflagrou uma opera\u00e7\u00e3o nos Bairros Santa Terezinha (Regi\u00e3o Nordeste) e Manoel Hon\u00f3rio (Regi\u00e3o Leste), que resultou na apreens\u00e3o de dois ve\u00edculos de luxo clonados, em Juiz de Fora. No acumulado em 2020, os policiais apreenderam um [&hellip;]<\/p>\n","protected":false},"author":96,"featured_media":171862,"comment_status":"closed","ping_status":"closed","sticky":false,"template":"","format":"standard","meta":{"footnotes":""},"categories":[301,436,440,439],"tags":[],"class_list":["post-171861","post","type-post","status-publish","format-standard","has-post-thumbnail","hentry","category-artigos-policiais","category-destaque-da-semana","category-destaques-do-dia","category-ultima-hora"],"_links":{"self":[{"href":"https:\/\/diarioregionaldigital.com.br\/index.php?rest_route=\/wp\/v2\/posts\/171861","targetHints":{"allow":["GET"]}}],"collection":[{"href":"https:\/\/diarioregionaldigital.com.br\/index.php?rest_route=\/wp\/v2\/posts"}],"about":[{"href":"https:\/\/diarioregionaldigital.com.br\/index.php?rest_route=\/wp\/v2\/types\/post"}],"author":[{"embeddable":true,"href":"https:\/\/diarioregionaldigital.com.br\/index.php?rest_route=\/wp\/v2\/users\/96"}],"replies":[{"embeddable":true,"href":"https:\/\/diarioregionaldigital.com.br\/index.php?rest_route=%2Fwp%2Fv2%2Fcomments&post=171861"}],"version-history":[{"count":0,"href":"https:\/\/diarioregionaldigital.com.br\/index.php?rest_route=\/wp\/v2\/posts\/171861\/revisions"}],"wp:featuredmedia":[{"embeddable":true,"href":"https:\/\/diarioregionaldigital.com.br\/index.php?rest_route=\/wp\/v2\/media\/171862"}],"wp:attachment":[{"href":"https:\/\/diarioregionaldigital.com.br\/index.php?rest_route=%2Fwp%2Fv2%2Fmedia&parent=171861"}],"wp:term":[{"taxonomy":"category","embeddable":true,"href":"https:\/\/diarioregionaldigital.com.br\/index.php?rest_route=%2Fwp%2Fv2%2Fcategories&post=171861"},{"taxonomy":"post_tag","embeddable":true,"href":"https:\/\/diarioregionaldigital.com.br\/index.php?rest_route=%2Fwp%2Fv2%2Ftags&post=171861"}],"curies":[{"name":"wp","href":"https:\/\/api.w.org\/{rel}","templated":true}]}}