{"id":171858,"date":"2020-10-27T11:51:35","date_gmt":"2020-10-27T14:51:35","guid":{"rendered":"https:\/\/diarioregionaldigital.com.br\/?p=171858"},"modified":"2020-10-27T13:22:22","modified_gmt":"2020-10-27T16:22:22","slug":"tarifa-do-pedagio-na-040-pode-ser-paga-com-cartao-de-credito-segundo-projeto-no-senado","status":"publish","type":"post","link":"https:\/\/diarioregionaldigital.com.br\/?p=171858","title":{"rendered":"Tarifa do ped\u00e1gio na 040 pode ser paga com cart\u00e3o de cr\u00e9dito, segundo projeto no Senado"},"content":{"rendered":"<p><span style=\"font-weight: 400;\">As pra\u00e7as de ped\u00e1gio localizadas na BR-040, que comp\u00f5e o trajeto JF\/RJ e JF\/Bras\u00edlia, poder\u00e3o ter suas tarifas pagas atrav\u00e9s dos cart\u00f5es de cr\u00e9dito, segundo o Projeto de Lei (PL) 4.643\/2020 do Senado Federal. A proposta foi apresentada pelo Senador Eduardo Gir\u00e3o (Podemos-CE) e a mesma seria v\u00e1lida em todas as rodovias federais no pa\u00eds. O texto segue em an\u00e1lise.<\/span><\/p>\n<p><span style=\"font-weight: 400;\">Conforme o autor do projeto, a ideia \u00e9 permitir outros pagamentos al\u00e9m do dinheiro, incluindo os pr\u00f3prios cart\u00f5es de cr\u00e9dito, al\u00e9m de d\u00e9bito e meios de pagamento digitais. Segundo levantamento realizado pelo Servi\u00e7o de Prote\u00e7\u00e3o ao Cr\u00e9dito (SPC) e mencionado pelo senador, aproximadamente um ter\u00e7o dos consumidores de servi\u00e7os do pa\u00eds preferem o uso de cart\u00f5es do que o dinheiro em esp\u00e9cie.<\/span><\/p>\n<p><span style=\"font-weight: 400;\">Eduardo Gir\u00e3o frisa tamb\u00e9m que \u201cnem todos os condutores conseguem ter a quantia suficiente para efetuar o pagamento nos ped\u00e1gios e por conta disso, podem ser pegos desprevenidos principalmente no per\u00edodo da noite ou finais de semana, quando n\u00e3o h\u00e1 caixas eletr\u00f4nicos dispon\u00edveis. No entanto, as concession\u00e1rias de ped\u00e1gio que atuam nas rodovias federais brasileiras ainda adotam a pr\u00e1tica arcaica de apenas aceitar o papel-moeda como meio de pagamento v\u00e1lido. Consequentemente, os motoristas s\u00e3o obrigados a carregar c\u00e9dulas e moedas apenas para esse fim e, quando n\u00e3o se lembram ou simplesmente desconhecem tal fato, acabam impossibilitados de transitar pela rodovia, sendo obrigados a buscar alguma cidade pr\u00f3xima apenas com o prop\u00f3sito de sacar os valores devidos ao ped\u00e1gio para conseguirem seguir viagem\u201d conforme o Senador.<\/span><\/p>\n<p><b>Trajeto JF\/RJ<\/b><\/p>\n<p><span style=\"font-weight: 400;\">Atualmente, a empresa Concer administra o trecho Juiz de Fora\/Rio de Janeiro na BR-040. Ao todo s\u00e3o quatro pra\u00e7as de ped\u00e1gio, localizadas em Sim\u00e3o Pereira, Petr\u00f3polis e Duque de Caxias. Recentemente a empresa fez reajuste nas tarifas no dia 20 de agosto deste ano. Confira os valores atuais abaixo:<\/span><\/p>\n<table>\n<tbody>\n<tr>\n<td><span style=\"font-weight: 400;\">Categoria de Ve\u00edculo<\/span><\/td>\n<td><span style=\"font-weight: 400;\">Tipo de Ve\u00edculo<\/span><\/td>\n<td><span style=\"font-weight: 400;\">N\u00famero de Eixos<\/span><\/td>\n<td><span style=\"font-weight: 400;\">Rodagem<\/span><\/td>\n<td><span style=\"font-weight: 400;\">Multiplicador da Tarifa<\/span><\/td>\n<td><span style=\"font-weight: 400;\">Valores a serem Praticados (R$)<\/span><\/td>\n<\/tr>\n<tr>\n<td><span style=\"font-weight: 400;\">1<\/span><\/td>\n<td><span style=\"font-weight: 400;\">Autom\u00f3vel, caminhonete e furg\u00e3o<\/span><\/td>\n<td><span style=\"font-weight: 400;\">2<\/span><\/td>\n<td><span style=\"font-weight: 400;\">Simples<\/span><\/td>\n<td><span style=\"font-weight: 400;\">1,0<\/span><\/td>\n<td><span style=\"font-weight: 400;\">11,60<\/span><\/td>\n<\/tr>\n<tr>\n<td><span style=\"font-weight: 400;\">2<\/span><\/td>\n<td><span style=\"font-weight: 400;\">Caminh\u00e3o leve, \u00d4nibus, caminh\u00e3o-trator e furg\u00e3o<\/span><\/td>\n<td><span style=\"font-weight: 400;\">2<\/span><\/td>\n<td><span style=\"font-weight: 400;\">Dupla<\/span><\/td>\n<td><span style=\"font-weight: 400;\">2,0<\/span><\/td>\n<td><span style=\"font-weight: 400;\">23,20<\/span><\/td>\n<\/tr>\n<tr>\n<td><span style=\"font-weight: 400;\">3<\/span><\/td>\n<td><span style=\"font-weight: 400;\">Autom\u00f3vel e caminhonete com semirreboque<\/span><\/td>\n<td><span style=\"font-weight: 400;\">3<\/span><\/td>\n<td><span style=\"font-weight: 400;\">Simples<\/span><\/td>\n<td><span style=\"font-weight: 400;\">1,5<\/span><\/td>\n<td><span style=\"font-weight: 400;\">17,40<\/span><\/td>\n<\/tr>\n<tr>\n<td><span style=\"font-weight: 400;\">4<\/span><\/td>\n<td><span style=\"font-weight: 400;\">Caminh\u00e3o, caminh\u00e3o-trator, caminh\u00e3o-trator com semirreboque e \u00d4nibus<\/span><\/td>\n<td><span style=\"font-weight: 400;\">3<\/span><\/td>\n<td><span style=\"font-weight: 400;\">Dupla<\/span><\/td>\n<td><span style=\"font-weight: 400;\">3,0<\/span><\/td>\n<td><span style=\"font-weight: 400;\">34,80<\/span><\/td>\n<\/tr>\n<tr>\n<td><span style=\"font-weight: 400;\">5<\/span><\/td>\n<td><span style=\"font-weight: 400;\">Autom\u00f3vel e caminhonete com reboque<\/span><\/td>\n<td><span style=\"font-weight: 400;\">4<\/span><\/td>\n<td><span style=\"font-weight: 400;\">Simples<\/span><\/td>\n<td><span style=\"font-weight: 400;\">2,0<\/span><\/td>\n<td><span style=\"font-weight: 400;\">23,20<\/span><\/td>\n<\/tr>\n<tr>\n<td><span style=\"font-weight: 400;\">6<\/span><\/td>\n<td><span style=\"font-weight: 400;\">Caminh\u00e3o com reboque, caminh\u00e3o-trator com semirreboque<\/span><\/td>\n<td><span style=\"font-weight: 400;\">4<\/span><\/td>\n<td><span style=\"font-weight: 400;\">Dupla<\/span><\/td>\n<td><span style=\"font-weight: 400;\">4,0<\/span><\/td>\n<td><span style=\"font-weight: 400;\">46,40<\/span><\/td>\n<\/tr>\n<tr>\n<td><span style=\"font-weight: 400;\">7<\/span><\/td>\n<td><span style=\"font-weight: 400;\">Caminh\u00e3o com reboque, caminh\u00e3o-trator com semirreboque<\/span><\/td>\n<td><span style=\"font-weight: 400;\">5<\/span><\/td>\n<td><span style=\"font-weight: 400;\">Dupla<\/span><\/td>\n<td><span style=\"font-weight: 400;\">5,0<\/span><\/td>\n<td><span style=\"font-weight: 400;\">58,00<\/span><\/td>\n<\/tr>\n<tr>\n<td><span style=\"font-weight: 400;\">8<\/span><\/td>\n<td><span style=\"font-weight: 400;\">Caminh\u00e3o com reboque, caminh\u00e3o-trator com semirreboque<\/span><\/td>\n<td><span style=\"font-weight: 400;\">6<\/span><\/td>\n<td><span style=\"font-weight: 400;\">Dupla<\/span><\/td>\n<td><span style=\"font-weight: 400;\">6,0<\/span><\/td>\n<td><span style=\"font-weight: 400;\">69,60<\/span><\/td>\n<\/tr>\n<tr>\n<td><span style=\"font-weight: 400;\">9<\/span><\/td>\n<td><span style=\"font-weight: 400;\">Motocicletas, motonetas, bicicletas moto<\/span><\/td>\n<td><span style=\"font-weight: 400;\">2<\/span><\/td>\n<td><span style=\"font-weight: 400;\">Simples<\/span><\/td>\n<td><span style=\"font-weight: 400;\">0,5<\/span><\/td>\n<td><span style=\"font-weight: 400;\">5,80<\/span><\/td>\n<\/tr>\n<tr>\n<td><span style=\"font-weight: 400;\">10<\/span><\/td>\n<td><span style=\"font-weight: 400;\">Ve\u00edculos oficiais e do Corpo Diplom\u00e1tico<\/span><\/td>\n<td><span style=\"font-weight: 400;\">&#8211;<\/span><\/td>\n<td><span style=\"font-weight: 400;\">&#8211;<\/span><\/td>\n<td><span style=\"font-weight: 400;\">&#8211;<\/span><\/td>\n<td><span style=\"font-weight: 400;\">&#8211;<\/span><\/td>\n<\/tr>\n<\/tbody>\n<\/table>\n<p>&nbsp;<\/p>\n<p><b>Trajeto JF\/Bras\u00edlia<\/b><\/p>\n<p><span style=\"font-weight: 400;\">Quanto ao trecho que liga o munic\u00edpio \u00e0 capital federal, este \u00e9 administrado pela Via 040. Este passa pelas cidades de Conselheiro Lafaiete, Itabirito, Sete Lagoas, Curvelo, Felixl\u00e2ndia, Canoeiras, Jo\u00e3o Pinheiro, Lagoa Grande, Paracatu e Cristalina. Confira os valores atuais abaixo:<\/span><\/p>\n<table>\n<tbody>\n<tr>\n<td><span style=\"font-weight: 400;\">Categoria de Ve\u00edculo<\/span><\/td>\n<td><span style=\"font-weight: 400;\">Tipo de Ve\u00edculo<\/span><\/td>\n<td><span style=\"font-weight: 400;\">N\u00famero de Eixos<\/span><\/td>\n<td><span style=\"font-weight: 400;\">Rodagem<\/span><\/td>\n<td><span style=\"font-weight: 400;\">Multiplicador da Tarifa<\/span><\/td>\n<td><span style=\"font-weight: 400;\">Valores a serem Praticados<\/span><\/td>\n<\/tr>\n<tr>\n<td><span style=\"font-weight: 400;\">1<\/span><\/td>\n<td><span style=\"font-weight: 400;\">Autom\u00f3vel, caminhonete e furg\u00e3o<\/span><\/td>\n<td><span style=\"font-weight: 400;\">2<\/span><\/td>\n<td><span style=\"font-weight: 400;\">Simples<\/span><\/td>\n<td><span style=\"font-weight: 400;\">1,0<\/span><\/td>\n<td><span style=\"font-weight: 400;\">5,30<\/span><\/td>\n<\/tr>\n<tr>\n<td><span style=\"font-weight: 400;\">2<\/span><\/td>\n<td><span style=\"font-weight: 400;\">Caminh\u00e3o leve, \u00d4nibus, caminh\u00e3o-trator e furg\u00e3o<\/span><\/td>\n<td><span style=\"font-weight: 400;\">2<\/span><\/td>\n<td><span style=\"font-weight: 400;\">Dupla<\/span><\/td>\n<td><span style=\"font-weight: 400;\">2,0<\/span><\/td>\n<td><span style=\"font-weight: 400;\">10,60<\/span><\/td>\n<\/tr>\n<tr>\n<td><span style=\"font-weight: 400;\">3<\/span><\/td>\n<td><span style=\"font-weight: 400;\">Autom\u00f3vel e caminhonete com semirreboque<\/span><\/td>\n<td><span style=\"font-weight: 400;\">3<\/span><\/td>\n<td><span style=\"font-weight: 400;\">Simples<\/span><\/td>\n<td><span style=\"font-weight: 400;\">1,5<\/span><\/td>\n<td><span style=\"font-weight: 400;\">7,95<\/span><\/td>\n<\/tr>\n<tr>\n<td><span style=\"font-weight: 400;\">4<\/span><\/td>\n<td><span style=\"font-weight: 400;\">Caminh\u00e3o, caminh\u00e3o-trator, caminh\u00e3o-trator com semirreboque e \u00d4nibus<\/span><\/td>\n<td><span style=\"font-weight: 400;\">3<\/span><\/td>\n<td><span style=\"font-weight: 400;\">Dupla<\/span><\/td>\n<td><span style=\"font-weight: 400;\">3,0<\/span><\/td>\n<td><span style=\"font-weight: 400;\">15,90<\/span><\/td>\n<\/tr>\n<tr>\n<td><span style=\"font-weight: 400;\">5<\/span><\/td>\n<td><span style=\"font-weight: 400;\">Autom\u00f3vel e caminhonete com reboque<\/span><\/td>\n<td><span style=\"font-weight: 400;\">4<\/span><\/td>\n<td><span style=\"font-weight: 400;\">Simples<\/span><\/td>\n<td><span style=\"font-weight: 400;\">2,0<\/span><\/td>\n<td><span style=\"font-weight: 400;\">10,60<\/span><\/td>\n<\/tr>\n<tr>\n<td><span style=\"font-weight: 400;\">6<\/span><\/td>\n<td><span style=\"font-weight: 400;\">Caminh\u00e3o com reboque, caminh\u00e3o-trator com semirreboque<\/span><\/td>\n<td><span style=\"font-weight: 400;\">4<\/span><\/td>\n<td><span style=\"font-weight: 400;\">Dupla<\/span><\/td>\n<td><span style=\"font-weight: 400;\">4,0<\/span><\/td>\n<td><span style=\"font-weight: 400;\">21,20<\/span><\/td>\n<\/tr>\n<tr>\n<td><span style=\"font-weight: 400;\">7<\/span><\/td>\n<td><span style=\"font-weight: 400;\">Caminh\u00e3o com reboque, caminh\u00e3o-trator com semirreboque<\/span><\/td>\n<td><span style=\"font-weight: 400;\">5<\/span><\/td>\n<td><span style=\"font-weight: 400;\">Dupla<\/span><\/td>\n<td><span style=\"font-weight: 400;\">5,0<\/span><\/td>\n<td><span style=\"font-weight: 400;\">26,50<\/span><\/td>\n<\/tr>\n<tr>\n<td><span style=\"font-weight: 400;\">8<\/span><\/td>\n<td><span style=\"font-weight: 400;\">Caminh\u00e3o com reboque, caminh\u00e3o-trator com semirreboque<\/span><\/td>\n<td><span style=\"font-weight: 400;\">6<\/span><\/td>\n<td><span style=\"font-weight: 400;\">Dupla<\/span><\/td>\n<td><span style=\"font-weight: 400;\">6,0<\/span><\/td>\n<td><span style=\"font-weight: 400;\">31,80<\/span><\/td>\n<\/tr>\n<tr>\n<td><span style=\"font-weight: 400;\">9<\/span><\/td>\n<td><span style=\"font-weight: 400;\">Motocicletas, motonetas, bicicletas moto<\/span><\/td>\n<td><span style=\"font-weight: 400;\">2<\/span><\/td>\n<td><span style=\"font-weight: 400;\">Simples<\/span><\/td>\n<td><span style=\"font-weight: 400;\">0,5<\/span><\/td>\n<td><span style=\"font-weight: 400;\">2,65<\/span><\/td>\n<\/tr>\n<tr>\n<td><span style=\"font-weight: 400;\">10<\/span><\/td>\n<td><span style=\"font-weight: 400;\">Ve\u00edculos oficiais e do Corpo Diplom\u00e1tico<\/span><\/td>\n<td><span style=\"font-weight: 400;\">&#8211;<\/span><\/td>\n<td><span style=\"font-weight: 400;\">&#8211;<\/span><\/td>\n<td><span style=\"font-weight: 400;\">&#8211;<\/span><\/td>\n<td><span style=\"font-weight: 400;\">&#8211;<\/span><\/td>\n<\/tr>\n<\/tbody>\n<\/table>\n<p>&nbsp;<\/p>\n<p>&nbsp;<\/p>\n","protected":false},"excerpt":{"rendered":"<p>As pra\u00e7as de ped\u00e1gio localizadas na BR-040, que comp\u00f5e o trajeto JF\/RJ e JF\/Bras\u00edlia, poder\u00e3o ter suas tarifas pagas atrav\u00e9s dos cart\u00f5es de cr\u00e9dito, segundo o Projeto de Lei (PL) 4.643\/2020 do Senado Federal. A proposta foi apresentada pelo Senador Eduardo Gir\u00e3o (Podemos-CE) e a mesma seria v\u00e1lida em todas as rodovias federais no pa\u00eds. [&hellip;]<\/p>\n","protected":false},"author":96,"featured_media":171859,"comment_status":"closed","ping_status":"closed","sticky":false,"template":"","format":"standard","meta":{"footnotes":""},"categories":[436,440,261,439],"tags":[],"class_list":["post-171858","post","type-post","status-publish","format-standard","has-post-thumbnail","hentry","category-destaque-da-semana","category-destaques-do-dia","category-economia","category-ultima-hora"],"_links":{"self":[{"href":"https:\/\/diarioregionaldigital.com.br\/index.php?rest_route=\/wp\/v2\/posts\/171858","targetHints":{"allow":["GET"]}}],"collection":[{"href":"https:\/\/diarioregionaldigital.com.br\/index.php?rest_route=\/wp\/v2\/posts"}],"about":[{"href":"https:\/\/diarioregionaldigital.com.br\/index.php?rest_route=\/wp\/v2\/types\/post"}],"author":[{"embeddable":true,"href":"https:\/\/diarioregionaldigital.com.br\/index.php?rest_route=\/wp\/v2\/users\/96"}],"replies":[{"embeddable":true,"href":"https:\/\/diarioregionaldigital.com.br\/index.php?rest_route=%2Fwp%2Fv2%2Fcomments&post=171858"}],"version-history":[{"count":0,"href":"https:\/\/diarioregionaldigital.com.br\/index.php?rest_route=\/wp\/v2\/posts\/171858\/revisions"}],"wp:featuredmedia":[{"embeddable":true,"href":"https:\/\/diarioregionaldigital.com.br\/index.php?rest_route=\/wp\/v2\/media\/171859"}],"wp:attachment":[{"href":"https:\/\/diarioregionaldigital.com.br\/index.php?rest_route=%2Fwp%2Fv2%2Fmedia&parent=171858"}],"wp:term":[{"taxonomy":"category","embeddable":true,"href":"https:\/\/diarioregionaldigital.com.br\/index.php?rest_route=%2Fwp%2Fv2%2Fcategories&post=171858"},{"taxonomy":"post_tag","embeddable":true,"href":"https:\/\/diarioregionaldigital.com.br\/index.php?rest_route=%2Fwp%2Fv2%2Ftags&post=171858"}],"curies":[{"name":"wp","href":"https:\/\/api.w.org\/{rel}","templated":true}]}}