{"id":171854,"date":"2020-10-27T11:15:53","date_gmt":"2020-10-27T14:15:53","guid":{"rendered":"https:\/\/diarioregionaldigital.com.br\/?p=171854"},"modified":"2020-10-27T11:15:53","modified_gmt":"2020-10-27T14:15:53","slug":"camara-municipal-aprova-representacao-ao-ministerio-publico-para-evitar-leilao-da-casa-ditalia","status":"publish","type":"post","link":"https:\/\/diarioregionaldigital.com.br\/?p=171854","title":{"rendered":"C\u00e2mara Municipal aprova representa\u00e7\u00e3o ao Minist\u00e9rio P\u00fablico, para evitar leil\u00e3o da Casa D&#8217;Italia"},"content":{"rendered":"<p><span style=\"font-weight: 400;\">A C\u00e2mara Municipal de Juiz de Fora, aprovou na segunda-feira (26), uma representa\u00e7\u00e3o ao Minist\u00e9rio P\u00fablico de Minas Gerais (MPMG), com o objetivo de evitar o leil\u00e3o da Casa D\u2019Italia. O im\u00f3vel avaliado em R$ 19,5 milh\u00f5es, foi colocado \u00e0 venda pelo Consulado Italiano de Belo Horizonte, no in\u00edcio deste m\u00eas.\u00a0<\/span><\/p>\n<p><span style=\"font-weight: 400;\">Segundo o documento feito pelo vereador Ant\u00f4nio Aguiar (DEM), a institui\u00e7\u00e3o \u00e9 um importante espa\u00e7o cultural e social. Sua preserva\u00e7\u00e3o representa a hist\u00f3ria da imigra\u00e7\u00e3o italiana no munic\u00edpio:<\/span><\/p>\n<p><span style=\"font-weight: 400;\">\u201cEste im\u00f3vel que \u00e9 um pr\u00e9dio tombado como patrim\u00f4nio da cidade de Juiz de Fora, representa o cora\u00e7\u00e3o da hist\u00f3ria da imigra\u00e7\u00e3o italiana em nossa cidade, sendo considera hoje uma das institui\u00e7\u00f5es culturais mais ativas do estado, com apresenta\u00e7\u00e3o de grupo de dan\u00e7a folcl\u00f3rica italiana (Tarantellado), aulas de l\u00edngua italiana, aulas de desenho e pintura, aulas de m\u00fasica, equipe profissional de bocha, coral, apresenta\u00e7\u00f5es gastron\u00f4micas, dentre outras in\u00fameras atividades, o que torna-se necess\u00e1rio sua preserva\u00e7\u00e3o por fazer parte de toda uma hist\u00f3ria dos descendentes italianos em nossa cidade.\u201d<\/span><\/p>\n<p><span style=\"font-weight: 400;\">Al\u00e9m disso, no \u00faltimo dia 13 deste m\u00eas, o senador italiano, Ricardo Merlo, anunciou em seu Twitter, que o leil\u00e3o da Casa D\u2019Italia havia sido suspenso de forma tempor\u00e1ria, previsto para o dia 3 de dezembro. Em sua publica\u00e7\u00e3o, o Secret\u00e1rio de Rela\u00e7\u00f5es Internacionais da Rep\u00fablica Italiana, que representa a Am\u00e9rica do Sul no Senado, explica \u201cConfirmo oficialmente: acabamos de suspender a venda da Casa D\u2019Italia de Juiz de Fora. Uma associa\u00e7\u00e3o que deve permanecer para nossa comunidade italiana no Brasil\u201d.<\/span><\/p>\n<p><b>Abaixo-assinado contra o leil\u00e3o<\/b><\/p>\n<p><span style=\"font-weight: 400;\">Ap\u00f3s a notifica\u00e7\u00e3o de poss\u00edvel venda do im\u00f3vel, a Col\u00f4nia Italiana de Juiz de Fora, realizou um abaixo-assinado eletr\u00f4nico, contra o leil\u00e3o da Casa D\u2019Italia. At\u00e9 ent\u00e3o, a peti\u00e7\u00e3o registrou mais de 8 mil assinaturas. O documento pedia socorro ao Minist\u00e9rio das Rela\u00e7\u00f5es Exteriores e da Coopera\u00e7\u00e3o Internacional.<\/span><\/p>\n<p><span style=\"font-weight: 400;\">Naquela ocasi\u00e3o, o presidente da Casa D\u2019Italia, Paulo Jose Monteiro de Barros, disse que a venda \u00e9 indevida, uma vez que o im\u00f3vel foi comprado por fam\u00edlias italianas, no in\u00edcio do s\u00e9culo XX e doada ao Governo Italiano, como forma de manter a difus\u00e3o da cultura it\u00e1lica.<\/span><\/p>\n<p><b>Hist\u00f3ria<\/b><\/p>\n<p><span style=\"font-weight: 400;\">A Casa D\u2019Italia de Juiz de Fora, foi fundada no ano de 1939, com objetivo de de auxiliar e unir a col\u00f4nia italiana da cidade. Sob a responsabilidade da Companhia Industrial e Construtora Pantaleone Arcuri, sua constru\u00e7\u00e3o foi erguida com um projeto em estilo Art D\u00e9co. Naquela \u00e9poca, as suas fun\u00e7\u00f5es eram principalmente de instru\u00e7\u00e3o, escola, biblioteca, hospital, benefic\u00eancia, lazer e esporte.\u00a0<\/span><\/p>\n<p><span style=\"font-weight: 400;\">Hoje em dia, a institui\u00e7\u00e3o continua com sua proposta inicial, desde a sua funda\u00e7\u00e3o, que \u00e9 o aux\u00edlio das fam\u00edlias dos imigrantes, a ag\u00eancia consular, representando o consulado da It\u00e1lia em Minas Gerais.<\/span><\/p>\n<p><span style=\"font-weight: 400;\">Al\u00e9m disso, o local tem a Capela de San Francesco di Paola e \u00e9 sede de associa\u00e7\u00f5es parceiras na divulga\u00e7\u00e3o da cultura italiana em Juiz de Fora, como o Grupo de Dan\u00e7a Folcl\u00f3rica Italiana Tarantolato e o Curso de L\u00edngua e Cultura Italiana e o time Bocha Casa D\u2019Italia Juiz de Fora, o qual representa a entidade em diversos campeonatos pelo Brasil.<\/span><\/p>\n<p><span style=\"font-weight: 400;\">O espa\u00e7o tamb\u00e9m funciona como um centro de cultura, abrigando diversas atividades como: coral, orquestra de cordas, aulas de m\u00fasica, escola de pizzaiolo, grupo de bordadeiras, atelier de artes, cancha de bocha, est\u00fadio de design, centro de est\u00e9tica, aulas de artes marciais e Yoga. Al\u00e9m de contarmos com audit\u00f3rio onde s\u00e3o realizadas eventos t\u00edpicos, palestras, festas e demais atividades promovendo a cultura italiana.<\/span><\/p>\n<p><span style=\"font-weight: 400;\">H\u00e1 tamb\u00e9m o departamento de cultura, respons\u00e1vel por toda a programa\u00e7\u00e3o cultural da institui\u00e7\u00e3o, englobando a promo\u00e7\u00e3o de eventos gastron\u00f4micos, palestras, oficinas, exposi\u00e7\u00f5es, eventos culturais e campanhas sociais. Al\u00e9m disso, o departamento de cultura tamb\u00e9m \u00e9 respons\u00e1vel por toda a assessoria de comunica\u00e7\u00e3o da institui\u00e7\u00e3o. Al\u00e9m das atividades pr\u00f3prias, a institui\u00e7\u00e3o tamb\u00e9m promove diversos eventos realizados em parceria com o Consulado da It\u00e1lia em Belo Horizonte.<\/span><\/p>\n","protected":false},"excerpt":{"rendered":"<p>A C\u00e2mara Municipal de Juiz de Fora, aprovou na segunda-feira (26), uma representa\u00e7\u00e3o ao Minist\u00e9rio P\u00fablico de Minas Gerais (MPMG), com o objetivo de evitar o leil\u00e3o da Casa D\u2019Italia. O im\u00f3vel avaliado em R$ 19,5 milh\u00f5es, foi colocado \u00e0 venda pelo Consulado Italiano de Belo Horizonte, no in\u00edcio deste m\u00eas.\u00a0 Segundo o documento feito [&hellip;]<\/p>\n","protected":false},"author":96,"featured_media":171855,"comment_status":"closed","ping_status":"closed","sticky":false,"template":"","format":"standard","meta":{"footnotes":""},"categories":[436,440,254,439],"tags":[],"class_list":["post-171854","post","type-post","status-publish","format-standard","has-post-thumbnail","hentry","category-destaque-da-semana","category-destaques-do-dia","category-politica","category-ultima-hora"],"_links":{"self":[{"href":"https:\/\/diarioregionaldigital.com.br\/index.php?rest_route=\/wp\/v2\/posts\/171854","targetHints":{"allow":["GET"]}}],"collection":[{"href":"https:\/\/diarioregionaldigital.com.br\/index.php?rest_route=\/wp\/v2\/posts"}],"about":[{"href":"https:\/\/diarioregionaldigital.com.br\/index.php?rest_route=\/wp\/v2\/types\/post"}],"author":[{"embeddable":true,"href":"https:\/\/diarioregionaldigital.com.br\/index.php?rest_route=\/wp\/v2\/users\/96"}],"replies":[{"embeddable":true,"href":"https:\/\/diarioregionaldigital.com.br\/index.php?rest_route=%2Fwp%2Fv2%2Fcomments&post=171854"}],"version-history":[{"count":0,"href":"https:\/\/diarioregionaldigital.com.br\/index.php?rest_route=\/wp\/v2\/posts\/171854\/revisions"}],"wp:featuredmedia":[{"embeddable":true,"href":"https:\/\/diarioregionaldigital.com.br\/index.php?rest_route=\/wp\/v2\/media\/171855"}],"wp:attachment":[{"href":"https:\/\/diarioregionaldigital.com.br\/index.php?rest_route=%2Fwp%2Fv2%2Fmedia&parent=171854"}],"wp:term":[{"taxonomy":"category","embeddable":true,"href":"https:\/\/diarioregionaldigital.com.br\/index.php?rest_route=%2Fwp%2Fv2%2Fcategories&post=171854"},{"taxonomy":"post_tag","embeddable":true,"href":"https:\/\/diarioregionaldigital.com.br\/index.php?rest_route=%2Fwp%2Fv2%2Ftags&post=171854"}],"curies":[{"name":"wp","href":"https:\/\/api.w.org\/{rel}","templated":true}]}}