{"id":171852,"date":"2020-10-27T10:51:39","date_gmt":"2020-10-27T13:51:39","guid":{"rendered":"https:\/\/diarioregionaldigital.com.br\/?p=171852"},"modified":"2020-10-27T10:51:39","modified_gmt":"2020-10-27T13:51:39","slug":"idoso-morre-atropelado-por-motocicleta-na-regiao-central","status":"publish","type":"post","link":"https:\/\/diarioregionaldigital.com.br\/?p=171852","title":{"rendered":"Idoso morre atropelado por motocicleta na Regi\u00e3o Central"},"content":{"rendered":"<p>Na noite de segunda-feira (26), um idoso, aparentando 70 anos de idade, morreu atropelado por uma motocicleta, na altura da Rua Benjamin Constant (Regi\u00e3o Central) em Juiz de Fora. O Samu foi acionado e ao chegar no local, confirmou o \u00f3bito. Segundo o boletim de ocorr\u00eancia da Pol\u00edcia Militar (PM), o condutor, jovem de 25 anos, relata que transitava pela via, quando avistou a v\u00edtima atravessando a rua de forma repentina e fora da faixa de pedestres. Ele tentou se desviar, por\u00e9m acabou atingindo o idoso. O condutor foi socorrido e encaminhado ao Hospital de Pronto Socorro (HPS).<\/p>\n","protected":false},"excerpt":{"rendered":"<p>Na noite de segunda-feira (26), um idoso, aparentando 70 anos de idade, morreu atropelado por uma motocicleta, na altura da Rua Benjamin Constant (Regi\u00e3o Central) em Juiz de Fora. O Samu foi acionado e ao chegar no local, confirmou o \u00f3bito. Segundo o boletim de ocorr\u00eancia da Pol\u00edcia Militar (PM), o condutor, jovem de 25 [&hellip;]<\/p>\n","protected":false},"author":96,"featured_media":92806,"comment_status":"closed","ping_status":"closed","sticky":false,"template":"","format":"standard","meta":{"footnotes":""},"categories":[253,436,439],"tags":[],"class_list":["post-171852","post","type-post","status-publish","format-standard","has-post-thumbnail","hentry","category-cidade","category-destaque-da-semana","category-ultima-hora"],"_links":{"self":[{"href":"https:\/\/diarioregionaldigital.com.br\/index.php?rest_route=\/wp\/v2\/posts\/171852","targetHints":{"allow":["GET"]}}],"collection":[{"href":"https:\/\/diarioregionaldigital.com.br\/index.php?rest_route=\/wp\/v2\/posts"}],"about":[{"href":"https:\/\/diarioregionaldigital.com.br\/index.php?rest_route=\/wp\/v2\/types\/post"}],"author":[{"embeddable":true,"href":"https:\/\/diarioregionaldigital.com.br\/index.php?rest_route=\/wp\/v2\/users\/96"}],"replies":[{"embeddable":true,"href":"https:\/\/diarioregionaldigital.com.br\/index.php?rest_route=%2Fwp%2Fv2%2Fcomments&post=171852"}],"version-history":[{"count":0,"href":"https:\/\/diarioregionaldigital.com.br\/index.php?rest_route=\/wp\/v2\/posts\/171852\/revisions"}],"wp:featuredmedia":[{"embeddable":true,"href":"https:\/\/diarioregionaldigital.com.br\/index.php?rest_route=\/wp\/v2\/media\/92806"}],"wp:attachment":[{"href":"https:\/\/diarioregionaldigital.com.br\/index.php?rest_route=%2Fwp%2Fv2%2Fmedia&parent=171852"}],"wp:term":[{"taxonomy":"category","embeddable":true,"href":"https:\/\/diarioregionaldigital.com.br\/index.php?rest_route=%2Fwp%2Fv2%2Fcategories&post=171852"},{"taxonomy":"post_tag","embeddable":true,"href":"https:\/\/diarioregionaldigital.com.br\/index.php?rest_route=%2Fwp%2Fv2%2Ftags&post=171852"}],"curies":[{"name":"wp","href":"https:\/\/api.w.org\/{rel}","templated":true}]}}