{"id":171849,"date":"2020-10-27T10:44:21","date_gmt":"2020-10-27T13:44:21","guid":{"rendered":"https:\/\/diarioregionaldigital.com.br\/?p=171849"},"modified":"2020-10-27T10:44:21","modified_gmt":"2020-10-27T13:44:21","slug":"guedes-diz-que-acordos-politicos-dificultam-privatizacoes","status":"publish","type":"post","link":"https:\/\/diarioregionaldigital.com.br\/?p=171849","title":{"rendered":"Guedes diz que acordos pol\u00edticos dificultam privatiza\u00e7\u00f5es"},"content":{"rendered":"<p><span style=\"font-weight: 400;\">Acordos pol\u00edticos dificultam as privatiza\u00e7\u00f5es, disse o ministro da Economia, Paulo Guedes. Em evento promovido pela Academia Brasileira de Direito Constitucional, ele declarou que o presidente Jair Bolsonaro tem cobrado privatiza\u00e7\u00f5es de empresas estatais, mas que a \u201cengrenagem\u201d dificulta os avan\u00e7os nessa pauta.<\/span><\/p>\n<p>&nbsp;<\/p>\n<p><span style=\"font-weight: 400;\">\u201cN\u00e3o conseguimos at\u00e9 agora privatizar empresas. H\u00e1 acordos pol\u00edticos que dificultam, h\u00e1 uma mentalidade cultural equivocada\u201d, disse o ministro. \u201cO presidente tem cobrado [privatiza\u00e7\u00f5es]. Por alguma raz\u00e3o, a engrenagem pol\u00edtica n\u00e3o tem permitido que essas privatiza\u00e7\u00f5es aconte\u00e7am.\u201d<\/span><\/p>\n<p><span style=\"font-weight: 400;\">Segundo Guedes, as privatiza\u00e7\u00f5es n\u00e3o foram prioridade no in\u00edcio do mandato porque o governo concentrou esfor\u00e7os na aprova\u00e7\u00e3o da reforma da Previd\u00eancia e mantinha o foco na reforma do pacto federativo. Com o in\u00edcio da pandemia do novo coronav\u00edrus, o governo passou a dedicar-se no enfrentamento \u00e0 covid-19.<\/span><\/p>\n<p><span style=\"font-weight: 400;\">Apesar dos atrasos provocados pela pandemia, Guedes disse que o governo conseguiu aprovar projetos que pretendem destravar o investimento, como o novo marco regulat\u00f3rio do saneamento. Ele destacou iniciativas em tramita\u00e7\u00e3o no Congresso, como a liberaliza\u00e7\u00e3o dos mercados de g\u00e1s natural, petr\u00f3leo, cabotagem, setor el\u00e9trico e ferrovias. Para o ministro, a recupera\u00e7\u00e3o do consumo, em boa parte propiciada pelo aux\u00edlio emergencial, conseguiu segurar a economia, mas o Brasil s\u00f3 voltar\u00e1 a crescer com uma onda de investimentos.<\/span><\/p>\n<h2><b>Vacina<\/b><\/h2>\n<p><span style=\"font-weight: 400;\">Guedes disse considerar naturais as diverg\u00eancias em rela\u00e7\u00e3o \u00e0 vacina contra a covid-19. Ele classificou de \u201cliberdade de opini\u00e3o\u201d os posicionamentos do presidente Jair Bolsonaro em rela\u00e7\u00e3o ao tema. \u201cN\u00e3o podemos nos emocionar, nos apaixonar e come\u00e7ar a derrapar para a intoler\u00e2ncia porque algu\u00e9m est\u00e1 falando algo que n\u00e3o gostamos. \u00c9 a liberdade de opini\u00e3o, de manifesta\u00e7\u00e3o. Vai tomar vacina ou n\u00e3o vai? Uns dizem que deve ser volunt\u00e1rio, outros que deve ser obrigat\u00f3rio. \u00c9 natural que haja diferen\u00e7a de opini\u00e3o\u201d, disse.<\/span><\/p>\n<p><span style=\"font-weight: 400;\">No evento, intitulado Um Dia pela Democracia, o ministro disse n\u00e3o acreditar que a democracia brasileira esteja em risco. Citou a China e a Coreia do Norte como pa\u00edses que n\u00e3o d\u00e3o liberdade aos cidad\u00e3os e disse acreditar que os Poderes tem funcionado de maneira independente e normal no Brasil.<\/span><\/p>\n<p><span style=\"font-weight: 400;\">\u201cA democracia tem poderes independentes, \u00e9 normal que haja demarca\u00e7\u00e3o de espa\u00e7os. \u00c0s vezes dois poderes se juntam para conter excesso de um terceiro. \u00c9 normal\u201d, declarou Guedes.<\/span><\/p>\n<p><strong>Fonte:<\/strong> Ag\u00eancia Brasil<\/p>\n","protected":false},"excerpt":{"rendered":"<p>Acordos pol\u00edticos dificultam as privatiza\u00e7\u00f5es, disse o ministro da Economia, Paulo Guedes. Em evento promovido pela Academia Brasileira de Direito Constitucional, ele declarou que o presidente Jair Bolsonaro tem cobrado privatiza\u00e7\u00f5es de empresas estatais, mas que a \u201cengrenagem\u201d dificulta os avan\u00e7os nessa pauta. &nbsp; \u201cN\u00e3o conseguimos at\u00e9 agora privatizar empresas. H\u00e1 acordos pol\u00edticos que dificultam, [&hellip;]<\/p>\n","protected":false},"author":96,"featured_media":171850,"comment_status":"closed","ping_status":"closed","sticky":false,"template":"","format":"standard","meta":{"footnotes":""},"categories":[436,261,439],"tags":[],"class_list":["post-171849","post","type-post","status-publish","format-standard","has-post-thumbnail","hentry","category-destaque-da-semana","category-economia","category-ultima-hora"],"_links":{"self":[{"href":"https:\/\/diarioregionaldigital.com.br\/index.php?rest_route=\/wp\/v2\/posts\/171849","targetHints":{"allow":["GET"]}}],"collection":[{"href":"https:\/\/diarioregionaldigital.com.br\/index.php?rest_route=\/wp\/v2\/posts"}],"about":[{"href":"https:\/\/diarioregionaldigital.com.br\/index.php?rest_route=\/wp\/v2\/types\/post"}],"author":[{"embeddable":true,"href":"https:\/\/diarioregionaldigital.com.br\/index.php?rest_route=\/wp\/v2\/users\/96"}],"replies":[{"embeddable":true,"href":"https:\/\/diarioregionaldigital.com.br\/index.php?rest_route=%2Fwp%2Fv2%2Fcomments&post=171849"}],"version-history":[{"count":0,"href":"https:\/\/diarioregionaldigital.com.br\/index.php?rest_route=\/wp\/v2\/posts\/171849\/revisions"}],"wp:featuredmedia":[{"embeddable":true,"href":"https:\/\/diarioregionaldigital.com.br\/index.php?rest_route=\/wp\/v2\/media\/171850"}],"wp:attachment":[{"href":"https:\/\/diarioregionaldigital.com.br\/index.php?rest_route=%2Fwp%2Fv2%2Fmedia&parent=171849"}],"wp:term":[{"taxonomy":"category","embeddable":true,"href":"https:\/\/diarioregionaldigital.com.br\/index.php?rest_route=%2Fwp%2Fv2%2Fcategories&post=171849"},{"taxonomy":"post_tag","embeddable":true,"href":"https:\/\/diarioregionaldigital.com.br\/index.php?rest_route=%2Fwp%2Fv2%2Ftags&post=171849"}],"curies":[{"name":"wp","href":"https:\/\/api.w.org\/{rel}","templated":true}]}}