{"id":171847,"date":"2020-10-27T10:35:17","date_gmt":"2020-10-27T13:35:17","guid":{"rendered":"https:\/\/diarioregionaldigital.com.br\/?p=171847"},"modified":"2020-10-27T10:35:17","modified_gmt":"2020-10-27T13:35:17","slug":"covid-19-estado-supera-a-marca-de-350-mil-pessoas-infectadas","status":"publish","type":"post","link":"https:\/\/diarioregionaldigital.com.br\/?p=171847","title":{"rendered":"Covid-19: Estado supera a marca de 350 mil pessoas infectadas"},"content":{"rendered":"<p>O novo\u00a0<a href=\"https:\/\/www.saude.mg.gov.br\/images\/1_noticias\/10_2020\/2_out-nov-dez\/27-10_Boletim-Epidemiologico_COVID-19.pdf\">boletim epidemiol\u00f3gico<\/a> publicado nesta ter\u00e7a-feira (27), pela Secretaria de Estado da Sa\u00fade de Minas Gerais (SES-MG), informa que nas \u00faltimas 24h, foram notificadas mais 1.521 novos casso de Coronav\u00edrus. No acumulado, s\u00e3o 351.033 pessoas infectadas.<\/p>\n<p>Al\u00e9m disso, foram registrados mais 10 mortes pela doen\u00e7a, totalizando 8.789 \u00f3bitos. Os dados indicam que 4.990 v\u00edtimas s\u00e3o do sexo masculino e 3.799 s\u00e3o do feminino.<\/p>\n<p>Al\u00e9m disso, 320.185 pacientes est\u00e3o recuperados da doen\u00e7a, representando 91,2% dos casos e 22.059 fazem acompanhamento m\u00e9dico. Quanto aos dados de hospitaliza\u00e7\u00e3o, 35.206 pessoas est\u00e3o internadas e 315.827 est\u00e3o em isolamento domiciliar.<\/p>\n","protected":false},"excerpt":{"rendered":"<p>O novo\u00a0boletim epidemiol\u00f3gico publicado nesta ter\u00e7a-feira (27), pela Secretaria de Estado da Sa\u00fade de Minas Gerais (SES-MG), informa que nas \u00faltimas 24h, foram notificadas mais 1.521 novos casso de Coronav\u00edrus. No acumulado, s\u00e3o 351.033 pessoas infectadas. Al\u00e9m disso, foram registrados mais 10 mortes pela doen\u00e7a, totalizando 8.789 \u00f3bitos. Os dados indicam que 4.990 v\u00edtimas s\u00e3o [&hellip;]<\/p>\n","protected":false},"author":96,"featured_media":163453,"comment_status":"closed","ping_status":"closed","sticky":false,"template":"","format":"standard","meta":{"footnotes":""},"categories":[436,440,252,439],"tags":[],"class_list":["post-171847","post","type-post","status-publish","format-standard","has-post-thumbnail","hentry","category-destaque-da-semana","category-destaques-do-dia","category-regiao","category-ultima-hora"],"_links":{"self":[{"href":"https:\/\/diarioregionaldigital.com.br\/index.php?rest_route=\/wp\/v2\/posts\/171847","targetHints":{"allow":["GET"]}}],"collection":[{"href":"https:\/\/diarioregionaldigital.com.br\/index.php?rest_route=\/wp\/v2\/posts"}],"about":[{"href":"https:\/\/diarioregionaldigital.com.br\/index.php?rest_route=\/wp\/v2\/types\/post"}],"author":[{"embeddable":true,"href":"https:\/\/diarioregionaldigital.com.br\/index.php?rest_route=\/wp\/v2\/users\/96"}],"replies":[{"embeddable":true,"href":"https:\/\/diarioregionaldigital.com.br\/index.php?rest_route=%2Fwp%2Fv2%2Fcomments&post=171847"}],"version-history":[{"count":0,"href":"https:\/\/diarioregionaldigital.com.br\/index.php?rest_route=\/wp\/v2\/posts\/171847\/revisions"}],"wp:featuredmedia":[{"embeddable":true,"href":"https:\/\/diarioregionaldigital.com.br\/index.php?rest_route=\/wp\/v2\/media\/163453"}],"wp:attachment":[{"href":"https:\/\/diarioregionaldigital.com.br\/index.php?rest_route=%2Fwp%2Fv2%2Fmedia&parent=171847"}],"wp:term":[{"taxonomy":"category","embeddable":true,"href":"https:\/\/diarioregionaldigital.com.br\/index.php?rest_route=%2Fwp%2Fv2%2Fcategories&post=171847"},{"taxonomy":"post_tag","embeddable":true,"href":"https:\/\/diarioregionaldigital.com.br\/index.php?rest_route=%2Fwp%2Fv2%2Ftags&post=171847"}],"curies":[{"name":"wp","href":"https:\/\/api.w.org\/{rel}","templated":true}]}}