{"id":171844,"date":"2020-10-27T10:30:46","date_gmt":"2020-10-27T13:30:46","guid":{"rendered":"https:\/\/diarioregionaldigital.com.br\/?p=171844"},"modified":"2020-10-27T10:30:46","modified_gmt":"2020-10-27T13:30:46","slug":"vacinacao-nao-e-uma-questao-de-justica-mas-de-saude-diz-bolsonaro","status":"publish","type":"post","link":"https:\/\/diarioregionaldigital.com.br\/?p=171844","title":{"rendered":"Vacina\u00e7\u00e3o \u201cn\u00e3o \u00e9 uma quest\u00e3o de Justi\u00e7a\u201d, mas de sa\u00fade, diz Bolsonaro"},"content":{"rendered":"<p><span style=\"font-weight: 400;\">O presidente Jair Bolsonaro criticou na segunda-feira (26) a judicializa\u00e7\u00e3o sobre a obrigatoriedade da vacina\u00e7\u00e3o contra o novo coronav\u00edrus. \u201cTemos uma jornada pela frente onde parece que foi judicializada essa quest\u00e3o. E eu entendo que isso n\u00e3o \u00e9 uma quest\u00e3o de Justi\u00e7a, isso \u00e9 quest\u00e3o de sa\u00fade acima de tudo, n\u00e3o pode um juiz decidir se voc\u00ea vai ou n\u00e3o tomar vacina\u201d, disse a apoiadores ao deixar o Pal\u00e1cio da Alvorada na manh\u00e3 desta segunda-feira.<\/span><\/p>\n<p><span style=\"font-weight: 400;\">Na semana passada, ao menos tr\u00eas a\u00e7\u00f5es foram ajuizadas no Supremo Tribunal Federal (STF), questionando a compet\u00eancia para impor vacina\u00e7\u00e3o contra a covid-19 e para que o governo federal seja obrigado a comprar as vacinas e medicamentos que forem aprovados pela Ag\u00eancia de Vigil\u00e2ncia Sanit\u00e1ria (Anvisa). Diversos partidos pol\u00edticos recorreram \u00e0 Justi\u00e7a ap\u00f3s Bolsonaro afirmar que a vacina\u00e7\u00e3o n\u00e3o ser\u00e1 obrigat\u00f3ria no Brasil e que o pa\u00eds n\u00e3o vai adquirir a vacina CoronaVac, desenvolvida pela farmac\u00eautica chinesa Sinovac Biotech em parceria com o Instituto Butantan.<\/span><\/p>\n<p><span style=\"font-weight: 400;\">Por outro lado, o Minist\u00e9rio da Sa\u00fade assinou um protocolo de inten\u00e7\u00f5es para adquirir 46 milh\u00f5es de doses da CoronaVac, com o objetivo de ampliar a oferta de vacina\u00e7\u00e3o para os brasileiros. O minist\u00e9rio j\u00e1 tinha acordo com a AstraZeneca\/Oxford, que prev\u00ea 100 milh\u00f5es de doses da vacina, e outro acordo com a iniciativa Covax, da Organiza\u00e7\u00e3o Mundial da Sa\u00fade, com mais 40 milh\u00f5es de doses.<\/span><\/p>\n<p><span style=\"font-weight: 400;\">Bolsonaro citou ainda a not\u00edcia anunciada hoje pela Universidade de Oxford e o laborat\u00f3rio AstraZeneca de que a vacina que est\u00e3o desenvolvendo contra a covid-19 induziu, durante os testes, uma resposta imune tanto em jovens quanto em idosos. Para Bolsonaro, a not\u00edcia \u00e9 promissora, mas \u00e9 preciso aguardar a publica\u00e7\u00e3o dos resultados em revista cient\u00edfica. \u201cO que a gente tem que fazer aqui \u00e9 n\u00e3o querer correr, n\u00e3o querer atropelar, n\u00e3o querer comprar dessa ou daquela sem nenhuma comprova\u00e7\u00e3o ainda\u201d, disse.<\/span><\/p>\n<p><strong>Fonte:<\/strong> Ag\u00eancia Brasil<\/p>\n","protected":false},"excerpt":{"rendered":"<p>O presidente Jair Bolsonaro criticou na segunda-feira (26) a judicializa\u00e7\u00e3o sobre a obrigatoriedade da vacina\u00e7\u00e3o contra o novo coronav\u00edrus. \u201cTemos uma jornada pela frente onde parece que foi judicializada essa quest\u00e3o. E eu entendo que isso n\u00e3o \u00e9 uma quest\u00e3o de Justi\u00e7a, isso \u00e9 quest\u00e3o de sa\u00fade acima de tudo, n\u00e3o pode um juiz decidir [&hellip;]<\/p>\n","protected":false},"author":96,"featured_media":171845,"comment_status":"closed","ping_status":"closed","sticky":false,"template":"","format":"standard","meta":{"footnotes":""},"categories":[302,436,439],"tags":[],"class_list":["post-171844","post","type-post","status-publish","format-standard","has-post-thumbnail","hentry","category-brasil-mundo","category-destaque-da-semana","category-ultima-hora"],"_links":{"self":[{"href":"https:\/\/diarioregionaldigital.com.br\/index.php?rest_route=\/wp\/v2\/posts\/171844","targetHints":{"allow":["GET"]}}],"collection":[{"href":"https:\/\/diarioregionaldigital.com.br\/index.php?rest_route=\/wp\/v2\/posts"}],"about":[{"href":"https:\/\/diarioregionaldigital.com.br\/index.php?rest_route=\/wp\/v2\/types\/post"}],"author":[{"embeddable":true,"href":"https:\/\/diarioregionaldigital.com.br\/index.php?rest_route=\/wp\/v2\/users\/96"}],"replies":[{"embeddable":true,"href":"https:\/\/diarioregionaldigital.com.br\/index.php?rest_route=%2Fwp%2Fv2%2Fcomments&post=171844"}],"version-history":[{"count":0,"href":"https:\/\/diarioregionaldigital.com.br\/index.php?rest_route=\/wp\/v2\/posts\/171844\/revisions"}],"wp:featuredmedia":[{"embeddable":true,"href":"https:\/\/diarioregionaldigital.com.br\/index.php?rest_route=\/wp\/v2\/media\/171845"}],"wp:attachment":[{"href":"https:\/\/diarioregionaldigital.com.br\/index.php?rest_route=%2Fwp%2Fv2%2Fmedia&parent=171844"}],"wp:term":[{"taxonomy":"category","embeddable":true,"href":"https:\/\/diarioregionaldigital.com.br\/index.php?rest_route=%2Fwp%2Fv2%2Fcategories&post=171844"},{"taxonomy":"post_tag","embeddable":true,"href":"https:\/\/diarioregionaldigital.com.br\/index.php?rest_route=%2Fwp%2Fv2%2Ftags&post=171844"}],"curies":[{"name":"wp","href":"https:\/\/api.w.org\/{rel}","templated":true}]}}