{"id":171830,"date":"2020-10-27T06:00:41","date_gmt":"2020-10-27T09:00:41","guid":{"rendered":"https:\/\/diarioregionaldigital.com.br\/?p=171830"},"modified":"2020-10-27T18:03:05","modified_gmt":"2020-10-27T21:03:05","slug":"em-casa-2","status":"publish","type":"post","link":"https:\/\/diarioregionaldigital.com.br\/?p=171830","title":{"rendered":"Em Casa"},"content":{"rendered":"<p style=\"text-align: center;\"><strong>Em Casa<\/strong><\/p>\n<p style=\"text-align: center;\">A Unimed sempre inovando comemorou o Dia do M\u00e9dico, proporcionando aos cooperados uma experi\u00eancia gastron\u00f4mica bem a prop\u00f3sito com o momento atual. Os m\u00e9dicos receberam uma caixa com ingredientes para um risoto que foi preparado pelo chef Felipe Ramah, no YouTube.<\/p>\n<p style=\"text-align: center;\"><strong>Ele Merece<\/strong><\/p>\n<p style=\"text-align: center;\">No alto de seus 100 anos, o l\u00facido Clodesmidt Riani recebeu da Assembleia Legislativa uma audi\u00eancia p\u00fablica em homenagem a sua trajet\u00f3ria de vida. O requerimento partiu dos deputados que fazem parte da comiss\u00e3o do Trabalho da Previd\u00eancia e da Assist\u00eancia Social e aprovado em reuni\u00e3o extraordin\u00e1ria.<\/p>\n<p style=\"text-align: center;\"><strong>Rodopiando<\/strong><\/p>\n<p style=\"text-align: center;\">A rainha da dan\u00e7a Silvana Marques comemora os 30 anos de sua Esta\u00e7\u00e3o Cultural durante est\u00e1 semana com aulas especiais com os talentosos Jaime Aroxa, Sheila Aquino, Sandro Santos, a revela\u00e7\u00e3o Lorhan Oliveira \u00e9 ela encerrando a semana em grande estilo. Aplausos.<\/p>\n<p style=\"text-align: center;\"><span style=\"font-size: 14pt;\"><strong>Para Refletir<\/strong><\/span><\/p>\n<p style=\"text-align: center;\">O fusca te leva ao mesmo lugar que a BMW, Cachorro quente mata a fome da mesma forma que caviar, a \u00e1gua de qualquer praia \u00e9 salgada como a de Fernando de Noronha. Voc\u00ea s\u00f3 n\u00e3o aproveita sua vida porque que ter a vida dos outros. Esquecemos que as oportunidades v\u00e3o embora e s\u00f3 nos resta gratid\u00e3o pelo que temos. Felicidade \u00e9 um estado e n\u00e3o um bem material. Tome nota! (Chor\u00e3o \u2013cantor)<\/p>\n<div id=\"attachment_171817\" style=\"width: 690px\" class=\"wp-caption aligncenter\"><img loading=\"lazy\" decoding=\"async\" aria-describedby=\"caption-attachment-171817\" class=\"wp-image-171817\" src=\"https:\/\/diarioregionaldigital.com.br\/wp-content\/uploads\/2020\/10\/fotoa-4-e1603779032677.jpeg\" alt=\"\" width=\"680\" height=\"494\" srcset=\"https:\/\/diarioregionaldigital.com.br\/wp-content\/uploads\/2020\/10\/fotoa-4-e1603779032677.jpeg 680w, https:\/\/diarioregionaldigital.com.br\/wp-content\/uploads\/2020\/10\/fotoa-4-e1603779032677-300x218.jpeg 300w, https:\/\/diarioregionaldigital.com.br\/wp-content\/uploads\/2020\/10\/fotoa-4-e1603779032677-360x262.jpeg 360w\" sizes=\"auto, (max-width: 680px) 100vw, 680px\" \/><p id=\"caption-attachment-171817\" class=\"wp-caption-text\">Na Igreja de S\u00e3o Mateus, os queridos Rog\u00e9rio Pinto, Janaina Carvalho, Theo Carvalho e Tony Carvalho<\/p><\/div>\n<div id=\"attachment_171818\" style=\"width: 690px\" class=\"wp-caption aligncenter\"><img loading=\"lazy\" decoding=\"async\" aria-describedby=\"caption-attachment-171818\" class=\"wp-image-171818\" src=\"https:\/\/diarioregionaldigital.com.br\/wp-content\/uploads\/2020\/10\/fotoaa-2-e1603779282322.jpg\" alt=\"\" width=\"680\" height=\"873\" srcset=\"https:\/\/diarioregionaldigital.com.br\/wp-content\/uploads\/2020\/10\/fotoaa-2-e1603779282322.jpg 720w, https:\/\/diarioregionaldigital.com.br\/wp-content\/uploads\/2020\/10\/fotoaa-2-e1603779282322-234x300.jpg 234w, https:\/\/diarioregionaldigital.com.br\/wp-content\/uploads\/2020\/10\/fotoaa-2-e1603779282322-360x462.jpg 360w\" sizes=\"auto, (max-width: 680px) 100vw, 680px\" \/><p id=\"caption-attachment-171818\" class=\"wp-caption-text\">A educadora Eveline Toledo no fim de semana em Florianopolis com a linda neta Sofia Toledo Camacho<\/p><\/div>\n<div id=\"attachment_171819\" style=\"width: 690px\" class=\"wp-caption aligncenter\"><img loading=\"lazy\" decoding=\"async\" aria-describedby=\"caption-attachment-171819\" class=\"wp-image-171819\" src=\"https:\/\/diarioregionaldigital.com.br\/wp-content\/uploads\/2020\/10\/fotob-15-e1603779358867.jpg\" alt=\"\" width=\"680\" height=\"497\" srcset=\"https:\/\/diarioregionaldigital.com.br\/wp-content\/uploads\/2020\/10\/fotob-15-e1603779358867.jpg 490w, https:\/\/diarioregionaldigital.com.br\/wp-content\/uploads\/2020\/10\/fotob-15-e1603779358867-300x219.jpg 300w, https:\/\/diarioregionaldigital.com.br\/wp-content\/uploads\/2020\/10\/fotob-15-e1603779358867-360x263.jpg 360w\" sizes=\"auto, (max-width: 680px) 100vw, 680px\" \/><p id=\"caption-attachment-171819\" class=\"wp-caption-text\">Turistando na Regi\u00e3o dos Lagos, os bonit\u00f5es Rodrigo Moura e Jamerson James<\/p><\/div>\n<div id=\"attachment_171820\" style=\"width: 690px\" class=\"wp-caption aligncenter\"><img loading=\"lazy\" decoding=\"async\" aria-describedby=\"caption-attachment-171820\" class=\"wp-image-171820\" src=\"https:\/\/diarioregionaldigital.com.br\/wp-content\/uploads\/2020\/10\/fotoc-16-e1603779542142.jpg\" alt=\"\" width=\"680\" height=\"495\" srcset=\"https:\/\/diarioregionaldigital.com.br\/wp-content\/uploads\/2020\/10\/fotoc-16-e1603779542142.jpg 1060w, https:\/\/diarioregionaldigital.com.br\/wp-content\/uploads\/2020\/10\/fotoc-16-e1603779542142-300x218.jpg 300w, https:\/\/diarioregionaldigital.com.br\/wp-content\/uploads\/2020\/10\/fotoc-16-e1603779542142-1024x745.jpg 1024w, https:\/\/diarioregionaldigital.com.br\/wp-content\/uploads\/2020\/10\/fotoc-16-e1603779542142-768x559.jpg 768w, https:\/\/diarioregionaldigital.com.br\/wp-content\/uploads\/2020\/10\/fotoc-16-e1603779542142-360x262.jpg 360w\" sizes=\"auto, (max-width: 680px) 100vw, 680px\" \/><p id=\"caption-attachment-171820\" class=\"wp-caption-text\">Visitando esta coluna social, os elegantes Rodrigo Lucas e sua m\u00e3e Sarah Lucas<\/p><\/div>\n<div id=\"attachment_171821\" style=\"width: 690px\" class=\"wp-caption aligncenter\"><img loading=\"lazy\" decoding=\"async\" aria-describedby=\"caption-attachment-171821\" class=\"wp-image-171821\" src=\"https:\/\/diarioregionaldigital.com.br\/wp-content\/uploads\/2020\/10\/fotod-11-e1603779605189.jpg\" alt=\"\" width=\"680\" height=\"484\" srcset=\"https:\/\/diarioregionaldigital.com.br\/wp-content\/uploads\/2020\/10\/fotod-11-e1603779605189.jpg 528w, https:\/\/diarioregionaldigital.com.br\/wp-content\/uploads\/2020\/10\/fotod-11-e1603779605189-300x214.jpg 300w, https:\/\/diarioregionaldigital.com.br\/wp-content\/uploads\/2020\/10\/fotod-11-e1603779605189-360x256.jpg 360w, https:\/\/diarioregionaldigital.com.br\/wp-content\/uploads\/2020\/10\/fotod-11-e1603779605189-100x70.jpg 100w\" sizes=\"auto, (max-width: 680px) 100vw, 680px\" \/><p id=\"caption-attachment-171821\" class=\"wp-caption-text\">O arquiteto de astros e estrelas Luiz Duque em tarde descontra\u00edda em S\u00e3o Pedro<\/p><\/div>\n<div id=\"attachment_171822\" style=\"width: 690px\" class=\"wp-caption aligncenter\"><img loading=\"lazy\" decoding=\"async\" aria-describedby=\"caption-attachment-171822\" class=\"wp-image-171822\" src=\"https:\/\/diarioregionaldigital.com.br\/wp-content\/uploads\/2020\/10\/fotoe-12-e1603779774526.jpg\" alt=\"\" width=\"680\" height=\"633\" srcset=\"https:\/\/diarioregionaldigital.com.br\/wp-content\/uploads\/2020\/10\/fotoe-12-e1603779774526.jpg 588w, https:\/\/diarioregionaldigital.com.br\/wp-content\/uploads\/2020\/10\/fotoe-12-e1603779774526-300x279.jpg 300w, https:\/\/diarioregionaldigital.com.br\/wp-content\/uploads\/2020\/10\/fotoe-12-e1603779774526-360x335.jpg 360w\" sizes=\"auto, (max-width: 680px) 100vw, 680px\" \/><p id=\"caption-attachment-171822\" class=\"wp-caption-text\">Direto de Jo\u00e3o Pessoa (PB), a bonita jornalista Andr\u00e9a Barros Costa<\/p><\/div>\n<div id=\"attachment_171825\" style=\"width: 690px\" class=\"wp-caption aligncenter\"><img loading=\"lazy\" decoding=\"async\" aria-describedby=\"caption-attachment-171825\" class=\"wp-image-171825\" src=\"https:\/\/diarioregionaldigital.com.br\/wp-content\/uploads\/2020\/10\/fotoh-13-e1603779860149.jpg\" alt=\"\" width=\"680\" height=\"491\" srcset=\"https:\/\/diarioregionaldigital.com.br\/wp-content\/uploads\/2020\/10\/fotoh-13-e1603779860149.jpg 1080w, https:\/\/diarioregionaldigital.com.br\/wp-content\/uploads\/2020\/10\/fotoh-13-e1603779860149-300x217.jpg 300w, https:\/\/diarioregionaldigital.com.br\/wp-content\/uploads\/2020\/10\/fotoh-13-e1603779860149-1024x740.jpg 1024w, https:\/\/diarioregionaldigital.com.br\/wp-content\/uploads\/2020\/10\/fotoh-13-e1603779860149-768x555.jpg 768w, https:\/\/diarioregionaldigital.com.br\/wp-content\/uploads\/2020\/10\/fotoh-13-e1603779860149-360x260.jpg 360w\" sizes=\"auto, (max-width: 680px) 100vw, 680px\" \/><p id=\"caption-attachment-171825\" class=\"wp-caption-text\">Em ritmo social o lindo casal Thalita Belmiro e Guilherme Belmiro<\/p><\/div>\n<div id=\"attachment_171824\" style=\"width: 690px\" class=\"wp-caption aligncenter\"><img loading=\"lazy\" decoding=\"async\" aria-describedby=\"caption-attachment-171824\" class=\"wp-image-171824\" src=\"https:\/\/diarioregionaldigital.com.br\/wp-content\/uploads\/2020\/10\/fotog-15.jpg\" alt=\"\" width=\"680\" height=\"432\" srcset=\"https:\/\/diarioregionaldigital.com.br\/wp-content\/uploads\/2020\/10\/fotog-15.jpg 960w, https:\/\/diarioregionaldigital.com.br\/wp-content\/uploads\/2020\/10\/fotog-15-300x191.jpg 300w, https:\/\/diarioregionaldigital.com.br\/wp-content\/uploads\/2020\/10\/fotog-15-768x488.jpg 768w, https:\/\/diarioregionaldigital.com.br\/wp-content\/uploads\/2020\/10\/fotog-15-360x229.jpg 360w, https:\/\/diarioregionaldigital.com.br\/wp-content\/uploads\/2020\/10\/fotog-15-490x310.jpg 490w\" sizes=\"auto, (max-width: 680px) 100vw, 680px\" \/><p id=\"caption-attachment-171824\" class=\"wp-caption-text\">Gente refinada no Espa\u00e7o Mirador: Renata Camargo, Luis Ant\u00f4nio Naresi e Jaqueline Mariano<\/p><\/div>\n<div id=\"attachment_171823\" style=\"width: 690px\" class=\"wp-caption aligncenter\"><img loading=\"lazy\" decoding=\"async\" aria-describedby=\"caption-attachment-171823\" class=\"wp-image-171823\" src=\"https:\/\/diarioregionaldigital.com.br\/wp-content\/uploads\/2020\/10\/fotof-9.jpg\" alt=\"\" width=\"680\" height=\"470\" srcset=\"https:\/\/diarioregionaldigital.com.br\/wp-content\/uploads\/2020\/10\/fotof-9.jpg 720w, https:\/\/diarioregionaldigital.com.br\/wp-content\/uploads\/2020\/10\/fotof-9-300x208.jpg 300w, https:\/\/diarioregionaldigital.com.br\/wp-content\/uploads\/2020\/10\/fotof-9-360x249.jpg 360w, https:\/\/diarioregionaldigital.com.br\/wp-content\/uploads\/2020\/10\/fotof-9-100x70.jpg 100w\" sizes=\"auto, (max-width: 680px) 100vw, 680px\" \/><p id=\"caption-attachment-171823\" class=\"wp-caption-text\">No Reduto do Samba antes da pandemia Tereza Ramos, Heloisa Monteiro, Cristina Oliveira e Edinel (aniversariando)<\/p><\/div>\n<p style=\"text-align: center;\"><strong>FOTOSS\u00cdNTESE<\/strong><\/p>\n<p>Digna de elogios a presidente da Associa\u00e7\u00e3o de Belas Artes Ant\u00f4nio Parreiras, Irene Barros teve sua obra \u201cA dan\u00e7a do amanh\u00e3\u201d selecionada para a mostra Professor tamb\u00e9m faz Arte-Virtual.<\/p>\n<p>Genaina Queiroz lan\u00e7ou um projeto Zero no Instagram. Seu lema \u00e9 \u201cN\u00e3o \u00e9 a quantidade de seguidores e sim a estrat\u00e9gia certa que faz a venda acontecer\u201d.<\/p>\n<p>Rog\u00e9rio Pinto se destaca na Inter Construtora na \u00e1rea de administra\u00e7\u00e3o. \u00c9 a grande revela\u00e7\u00e3o na \u00e1rea de im\u00f3veis no momento em Juiz de Fora.<\/p>\n<p>Ouvi no elevador: \u201cQuem tem p\u00f5e&#8230; quem n\u00e3o tem tira\u201d.<\/p>\n<p>A Obra Social do Ambulat\u00f3rio da Gl\u00f3ria, comemorou seus 67 anos com missa em A\u00e7\u00e3o de Gra\u00e7as transmitindo pelo YouTube. Ponto para a Coordenadora Sandra Hansen.<\/p>\n<p>Circulando por S\u00e3o Paulo os irm\u00e3os, Gabriela e Wesley Monteiro e Carlos Sacchi. Foram visitar o templo da cultura MASP.<\/p>\n<p>M\u00e9dicos de real valor participaram de almo\u00e7o pelo seu dia no restaurante do Monte Sinai.<\/p>\n<p>Juntos e misturados, os profissionais da Santa Casa de Juiz de Fora participaram do lan\u00e7amento da campanha \u201cPor tr\u00e1s do Jaleco\u201d com caf\u00e9 da manh\u00e3. O foco \u00e9 mostrar outros talentos e hobbies dos integrantes da equipe.<\/p>\n<p>Pra fluir: \u201cA vida \u00e9 mesmo uma miss\u00e3o. A morte uma ilus\u00e3o. S\u00f3 sabe quem viveu. Pois quando o espelho \u00e9 bom, ningu\u00e9m jamais morreu\u201d. (Jo\u00e3o Nogueira). Bom dia.<\/p>\n<p><img loading=\"lazy\" decoding=\"async\" class=\"aligncenter size-full wp-image-171831\" src=\"https:\/\/diarioregionaldigital.com.br\/wp-content\/uploads\/2020\/10\/anuncio2-scaled.jpg\" alt=\"\" width=\"2560\" height=\"976\" srcset=\"https:\/\/diarioregionaldigital.com.br\/wp-content\/uploads\/2020\/10\/anuncio2-scaled.jpg 2560w, https:\/\/diarioregionaldigital.com.br\/wp-content\/uploads\/2020\/10\/anuncio2-300x114.jpg 300w, https:\/\/diarioregionaldigital.com.br\/wp-content\/uploads\/2020\/10\/anuncio2-1024x391.jpg 1024w, https:\/\/diarioregionaldigital.com.br\/wp-content\/uploads\/2020\/10\/anuncio2-768x293.jpg 768w, https:\/\/diarioregionaldigital.com.br\/wp-content\/uploads\/2020\/10\/anuncio2-1536x586.jpg 1536w, https:\/\/diarioregionaldigital.com.br\/wp-content\/uploads\/2020\/10\/anuncio2-2048x781.jpg 2048w, https:\/\/diarioregionaldigital.com.br\/wp-content\/uploads\/2020\/10\/anuncio2-360x137.jpg 360w\" sizes=\"auto, (max-width: 2560px) 100vw, 2560px\" \/><\/p>\n","protected":false},"excerpt":{"rendered":"<p>Em Casa A Unimed sempre inovando comemorou o Dia do M\u00e9dico, proporcionando aos cooperados uma experi\u00eancia gastron\u00f4mica bem a prop\u00f3sito com o momento atual. Os m\u00e9dicos receberam uma caixa com ingredientes para um risoto que foi preparado pelo chef Felipe Ramah, no YouTube. Ele Merece No alto de seus 100 anos, o l\u00facido Clodesmidt Riani [&hellip;]<\/p>\n","protected":false},"author":96,"featured_media":171817,"comment_status":"closed","ping_status":"closed","sticky":false,"template":"","format":"standard","meta":{"footnotes":""},"categories":[264],"tags":[],"class_list":["post-171830","post","type-post","status-publish","format-standard","has-post-thumbnail","hentry","category-eduardo-gomes"],"_links":{"self":[{"href":"https:\/\/diarioregionaldigital.com.br\/index.php?rest_route=\/wp\/v2\/posts\/171830","targetHints":{"allow":["GET"]}}],"collection":[{"href":"https:\/\/diarioregionaldigital.com.br\/index.php?rest_route=\/wp\/v2\/posts"}],"about":[{"href":"https:\/\/diarioregionaldigital.com.br\/index.php?rest_route=\/wp\/v2\/types\/post"}],"author":[{"embeddable":true,"href":"https:\/\/diarioregionaldigital.com.br\/index.php?rest_route=\/wp\/v2\/users\/96"}],"replies":[{"embeddable":true,"href":"https:\/\/diarioregionaldigital.com.br\/index.php?rest_route=%2Fwp%2Fv2%2Fcomments&post=171830"}],"version-history":[{"count":0,"href":"https:\/\/diarioregionaldigital.com.br\/index.php?rest_route=\/wp\/v2\/posts\/171830\/revisions"}],"wp:featuredmedia":[{"embeddable":true,"href":"https:\/\/diarioregionaldigital.com.br\/index.php?rest_route=\/wp\/v2\/media\/171817"}],"wp:attachment":[{"href":"https:\/\/diarioregionaldigital.com.br\/index.php?rest_route=%2Fwp%2Fv2%2Fmedia&parent=171830"}],"wp:term":[{"taxonomy":"category","embeddable":true,"href":"https:\/\/diarioregionaldigital.com.br\/index.php?rest_route=%2Fwp%2Fv2%2Fcategories&post=171830"},{"taxonomy":"post_tag","embeddable":true,"href":"https:\/\/diarioregionaldigital.com.br\/index.php?rest_route=%2Fwp%2Fv2%2Ftags&post=171830"}],"curies":[{"name":"wp","href":"https:\/\/api.w.org\/{rel}","templated":true}]}}