{"id":171808,"date":"2020-10-26T19:42:20","date_gmt":"2020-10-26T22:42:20","guid":{"rendered":"https:\/\/diarioregionaldigital.com.br\/?p=171808"},"modified":"2020-10-26T19:42:20","modified_gmt":"2020-10-26T22:42:20","slug":"museu-da-inicio-a-obra-de-restauro-e-recomposicao-em-chafariz-da-escola-agricola","status":"publish","type":"post","link":"https:\/\/diarioregionaldigital.com.br\/?p=171808","title":{"rendered":"Museu d\u00e1 in\u00edcio a obra de restauro e recomposi\u00e7\u00e3o em chafariz da \u201cEscola Agr\u00edcola\u201d"},"content":{"rendered":"<p>A Funda\u00e7\u00e3o Museu &#8220;Mariano Proc\u00f3pio&#8221; d\u00e1 in\u00edcio nesta segunda-feira, 26, a mais uma obra de restauro na institui\u00e7\u00e3o. Atrav\u00e9s do Minist\u00e9rio P\u00fablico de Minas Gerais (MPMG), com recursos depositados no Fundo Municipal de Apoio ao Museu \u201cMariano Proc\u00f3pio\u201d (FAMAPRO) ser\u00e1 feito o restauro no chafariz da \u201cEscola Agr\u00edcola Uni\u00e3o e Industria\u201d, juntamente com a recomposi\u00e7\u00e3o de sua bacia (l\u00e2mina d`\u00c1gua). O espa\u00e7o localizado no jardim suspenso em frente ao pr\u00e9dio hist\u00f3rico \u00e9 um dos cen\u00e1rios conhecidos pelo p\u00fablico, ladeado por bancos e alegorias.<\/p>\n<p>&#8220;A nova obra atende a uma demanda de reintegra\u00e7\u00e3o do espa\u00e7o, que atrai o p\u00fablico que visita o museu. A \u00e1rea voltar\u00e1 a sua originalidade com a bacia d`\u00e1gua junto ao chafariz, cen\u00e1rio de destaque em postais da cidade&#8221;, ressalta o prefeito, Ant\u00f4nio Almas. Al\u00e9m desta iniciativa, o chefe do executivo acompanhou a recente obra de restauro na Villa Ferreira Lage, que possibilitou a reabertura do pr\u00e9dio hist\u00f3rico em janeiro deste ano. A institui\u00e7\u00e3o teve, ainda, itens de seu acervo restaurados, como quadros e lou\u00e7as do s\u00e9culo 19.<\/p>\n<p>A licita\u00e7\u00e3o ocorreu em janeiro deste ano, e teve como vencedora do processo a empresa mineira, Cantaria Conserva\u00e7\u00e3o e Restaura\u00e7\u00e3o Ltda. A obra est\u00e1 or\u00e7ada em cerca de R$ 76 mil. O chafariz que pertencia \u00e0 Escola Agr\u00edcola Uni\u00e3o e Ind\u00fastria, fundada por Mariano Proc\u00f3pio e inaugurada por Dom Pedro II em 1869, foi trazido para o parque do museu por Geralda Armond, enquanto diretora da institui\u00e7\u00e3o.<\/p>\n<p>Em 2019, a \u00e1rea que estava fechada ao p\u00fablico, voltou a integrar o circuito de visita\u00e7\u00e3o. O espa\u00e7o foi revitalizado, com jardinagem e instala\u00e7\u00e3o de quatro bancos. O chafariz foi remontado, mas na ocasi\u00e3o sem a l\u00e2mina d`\u00e1gua. O adorno \u00e9 de origem francesa e foi produzido pela Val d`Osne, a mesma fabricante do repuxo de \u201cTrit\u00e3o\u201d, localizado em frente ao castelinho dos Ferreira Lage. A pe\u00e7a do jardim possui figuras aleg\u00f3ricas referentes \u00e0 agricultura, com figuras de crian\u00e7as na base.<\/p>\n<p>Confira o podcast sobre o assunto com entrevista do diretor do Museu, Ant\u00f4nio Carlos Duarte, atrav\u00e9s do site\u00a0<a href=\"https:\/\/www.pjf.mg.gov.br\/secretarias\/secom\/podcast\/index.php\">pjf.mg.gov.br\/secretarias\/secom\/podcast\/index.php<\/a>\u00a0ou pelo aplicativo\/site de streaming\u00a0<a href=\"https:\/\/open.spotify.com\/show\/1EGf0uubf3GwLv562IDE7U\">Spotify<\/a>.<\/p>\n<p><strong>Fonte:\u00a0<\/strong>Assessoria<\/p>\n","protected":false},"excerpt":{"rendered":"<p>A Funda\u00e7\u00e3o Museu &#8220;Mariano Proc\u00f3pio&#8221; d\u00e1 in\u00edcio nesta segunda-feira, 26, a mais uma obra de restauro na institui\u00e7\u00e3o. Atrav\u00e9s do Minist\u00e9rio P\u00fablico de Minas Gerais (MPMG), com recursos depositados no Fundo Municipal de Apoio ao Museu \u201cMariano Proc\u00f3pio\u201d (FAMAPRO) ser\u00e1 feito o restauro no chafariz da \u201cEscola Agr\u00edcola Uni\u00e3o e Industria\u201d, juntamente com a recomposi\u00e7\u00e3o [&hellip;]<\/p>\n","protected":false},"author":96,"featured_media":171809,"comment_status":"closed","ping_status":"closed","sticky":false,"template":"","format":"standard","meta":{"footnotes":""},"categories":[253,436,439],"tags":[],"class_list":["post-171808","post","type-post","status-publish","format-standard","has-post-thumbnail","hentry","category-cidade","category-destaque-da-semana","category-ultima-hora"],"_links":{"self":[{"href":"https:\/\/diarioregionaldigital.com.br\/index.php?rest_route=\/wp\/v2\/posts\/171808","targetHints":{"allow":["GET"]}}],"collection":[{"href":"https:\/\/diarioregionaldigital.com.br\/index.php?rest_route=\/wp\/v2\/posts"}],"about":[{"href":"https:\/\/diarioregionaldigital.com.br\/index.php?rest_route=\/wp\/v2\/types\/post"}],"author":[{"embeddable":true,"href":"https:\/\/diarioregionaldigital.com.br\/index.php?rest_route=\/wp\/v2\/users\/96"}],"replies":[{"embeddable":true,"href":"https:\/\/diarioregionaldigital.com.br\/index.php?rest_route=%2Fwp%2Fv2%2Fcomments&post=171808"}],"version-history":[{"count":0,"href":"https:\/\/diarioregionaldigital.com.br\/index.php?rest_route=\/wp\/v2\/posts\/171808\/revisions"}],"wp:featuredmedia":[{"embeddable":true,"href":"https:\/\/diarioregionaldigital.com.br\/index.php?rest_route=\/wp\/v2\/media\/171809"}],"wp:attachment":[{"href":"https:\/\/diarioregionaldigital.com.br\/index.php?rest_route=%2Fwp%2Fv2%2Fmedia&parent=171808"}],"wp:term":[{"taxonomy":"category","embeddable":true,"href":"https:\/\/diarioregionaldigital.com.br\/index.php?rest_route=%2Fwp%2Fv2%2Fcategories&post=171808"},{"taxonomy":"post_tag","embeddable":true,"href":"https:\/\/diarioregionaldigital.com.br\/index.php?rest_route=%2Fwp%2Fv2%2Ftags&post=171808"}],"curies":[{"name":"wp","href":"https:\/\/api.w.org\/{rel}","templated":true}]}}