{"id":171805,"date":"2020-10-26T19:41:04","date_gmt":"2020-10-26T22:41:04","guid":{"rendered":"https:\/\/diarioregionaldigital.com.br\/?p=171805"},"modified":"2020-10-26T19:41:04","modified_gmt":"2020-10-26T22:41:04","slug":"saude-do-trabalhador-promove-seminario-sobre-temas-que-mais-afligem-os-trabalhadores","status":"publish","type":"post","link":"https:\/\/diarioregionaldigital.com.br\/?p=171805","title":{"rendered":"Sa\u00fade do Trabalhador promove Semin\u00e1rio sobre temas que mais afligem os trabalhadores"},"content":{"rendered":"<div id=\"box_texto_noticia\">Quest\u00f5es atuais que est\u00e3o fragilizando os que se encontram no mercado de trabalho e causando preju\u00edzos inclusive para a sa\u00fade mental ser\u00e3o tratados no \u201cII Semin\u00e1rio de Vigil\u00e2ncia em Sa\u00fade do Trabalhador e da Trabalhadora\u201d. O evento ser\u00e1 realizado pelo Departamento de Vigil\u00e2ncia em Sa\u00fade do Trabalhador (Dvisat)\/Centro de Refer\u00eancia em Sa\u00fade do Trabalhador (Cerest), da Prefeitura de Juiz de Fora, em parceria com as Universidades Federal de Juiz de Fora (UFJF) e do Rio de Janeiro (UFRJ).<\/p>\n<p>No Semin\u00e1rio, ser\u00e3o discutidas quest\u00f5es relacionadas \u00e0 Reforma da Previd\u00eancia, enfrentamento da covid e \u201cuberiza\u00e7\u00e3o\u201d das atividades. As discuss\u00f5es acontecem entre ter\u00e7a-feira, 27, e sexta-feira, 30, de outubro, pelo canal do Youtube, da \u201cSa\u00fade Mental e Trabalho UFJF\u201d, link:\u00a0<a href=\"https:\/\/linktr.ee\/smetufjf\">https:\/\/linktr.ee\/smetufjf<\/a>.<\/p>\n<p>A gerente do Dvisat, Miriam Monteiro, informou que o evento \u00e9 direcionado aos profissionais da \u00e1rea de sa\u00fade dos 104 munic\u00edpios de abrang\u00eancia do Cerest, bem como estudantes. Por abordar assuntos de interesse geral, a programa\u00e7\u00e3o \u00e9 aberta a todos os interessados. A transmiss\u00e3o se dar\u00e1 via Youtube e n\u00e3o h\u00e1 limites de participantes.<\/p>\n<p><b>Programa\u00e7\u00e3o<\/b><\/p>\n<p><b>27\/10 &#8211; 19 horas<\/b><\/p>\n<p><i>Palestra<\/i><br \/>\nHist\u00f3ria do trabalho: Grandes fases no Brasil &#8211; per\u00edodo escravocrata, d\u00e9cada de 30, momento atual.<\/p>\n<p><i>Palestrantes<\/i><br \/>\nS\u00edlvia Rodrigues Jardim<br \/>\nGraduada em Medicina, com Doutorado em Psiquiatria e Sa\u00fade Mental pela UFRJ. Desde 2012 est\u00e1 em exerc\u00edcio na Coordena\u00e7\u00e3o de Pol\u00edticas de Sa\u00fade do Trabalhador (CPST) da Pr\u00f3-Reitoria de Pessoal da institui\u00e7\u00e3o. Atuou como consultora do Minist\u00e9rio da Sa\u00fade (MS) e da Organiza\u00e7\u00e3o Pan-Americana da Sa\u00fade (Opas) para a Lista de Doen\u00e7as Relacionadas ao Trabalho, Cap\u00edtulo dos Transtornos Mentais e do Comportamento.<\/p>\n<p>Val\u00e9ria Marques Lobo<br \/>\nGraduada em Hist\u00f3ria pela UFJF, com mestrado em Ci\u00eancia Pol\u00edtica pela Universidade Federal de Minas Gerais (UFMG) e doutorado em Ci\u00eancias Humanas pelo Instituto Universit\u00e1rio de Pesquisas do Rio de Janeiro (Iuperj). Tem experi\u00eancia na \u00e1rea de Hist\u00f3ria e Ci\u00eancia Pol\u00edtica, com \u00eanfase em Estado e Sociedade, atuando principalmente em torno dos temas mundos do trabalho, legisla\u00e7\u00e3o sindical e trabalhista, judici\u00e1rio trabalhista e mercado de trabalho.<\/p>\n<p><b>28\/10 &#8211; 19 horas<\/p>\n<p><i>Palestra<\/i><br \/>\nQuais os efeitos para a sa\u00fade mental do trabalhador ap\u00f3s a Reforma da Previd\u00eancia e a Revis\u00e3o da Lista das Doen\u00e7as Relacionadas ao Trabalho?<\/p>\n<p><i>Palestrante<\/i><\/p>\n<p>Bruno Chapadeiro<br \/>\nGraduado em Psicologia pela Faculdade de Ci\u00eancias e Letras da Universidade Estadual Paulista (Unesp), especialista em Psicologia Organizacional e do Trabalho pelo Conselho Federal de Psicologia (CFP), perito judicial em Sa\u00fade Mental e Trabalho cadastrado nos Tribunais Regionais do Trabalho (TRTs) da 2\u00aa, 9\u00aa e 15\u00aa Regi\u00e3o, pesquisador-colaborador da Rede de Estudos do Trabalho (Ret) e do Grupo de Estudos \u201cImpactos das Novas Morfologias do Trabalho Contempor\u00e2neo sobre o Viver, o Adoecer e o Morrer de Trabalhadores e Trabalhadoras\u201d do Instituto de Estudos Avan\u00e7ados da Universidade de S\u00e3o Paulo (IEA\/USP).<\/p>\n<p>29\/10 &#8211; 19 horas<\/p>\n<p><i>Palestra<\/i><br \/>\nDesafios do reconhecimento e enfrentamento da covid 19 nas pol\u00edticas de sa\u00fade do trabalhador no Brasil<\/p>\n<p><i>Palestrantes<\/i><\/p>\n<p>Maria Maeno<br \/>\nGraduada em Medicina pela Faculdade de S\u00e3o Paulo, possui Mestrado e Doutorado em Sa\u00fade P\u00fablica pela mesma institui\u00e7\u00e3o. Atuou como m\u00e9dica da Secretaria de Estado de Sa\u00fade e integrou a equipe do Programa de Sa\u00fade dos Trabalhadores da Zona Norte, que originou o Centro de Refer\u00eancia em sa\u00fade do Trabalhador do Estado, sob sua coordena\u00e7\u00e3o durante 16 anos. Foi docente do Curso de Mestrado de Gest\u00e3o Integrada em Seguran\u00e7a no Trabalho e Meio Ambiente do Senac-SP e, atualmente, \u00e9 pesquisadora da Funda\u00e7\u00e3o Jorge Duprat Figueiredo de Seguran\u00e7a e Medicina do Trabalho, do Minist\u00e9rio da Economia.<\/p>\n<p>Manoela Carneiro Roland<br \/>\nGraduada em Direito pela Universidade Federal de Vi\u00e7osa, possui Mestrado em Rela\u00e7\u00f5es Internacionais pela Pontif\u00edcia Universidade Cat\u00f3lica do Rio de Janeiro e Doutorado em Direito Internacional e da Integra\u00e7\u00e3o Econ\u00f4mica pela UERJ. Atualmente, leciona na Faculdade de Direito da UFJF. Na gradua\u00e7\u00e3o d\u00e1 aula de Direito Internacional P\u00fablico e Direitos Humanos e no Mestrado em Direito e Inova\u00e7\u00e3o.<\/p>\n<p>30\/10 &#8211; 14h<\/p>\n<p><i>Palestra<\/i><br \/>\nUberiza\u00e7\u00e3o do trabalho: Do adoecimento \u00e0 perda de direitos<\/p>\n<p><i>Palestrantes<\/i><\/p>\n<p>Ana Cl\u00e1udia Moreira Cardoso<br \/>\nProfessora Visitante no Instituto de Ci\u00eancias Humanas (ICH) da UFJF, Mestra em Ci\u00eancia Pol\u00edtica pela USP, Doutora em co-tutela entre o Departamento de Sociologia da USP e Universidade de Paris 8, No P\u00f3s-Doutorado realizou pesquisa no Centre de Recherche Sociologique et Politique de Paris. Trabalhou no Dieese por 26 anos. Foi professora de Ci\u00eancias do trabalho na escola da institui\u00e7\u00e3o.<\/p>\n<p>Andreia Ramos<br \/>\nGraduada em Medicina pela UFJF, tem Mestrado em Psiquiatria e Sa\u00fade Mental pelo Instituto de Psiquiatria da UFRJ abordando, como tema, Sa\u00fade Mental e Trabalho. O Doutorado em Psiquiatria e Sa\u00fade Mental foi sobre o mesmo tema tamb\u00e9m pelo Instituto de Psiquiatria da UFRJ. Tem experi\u00eancia na \u00e1rea de Ci\u00eancias da Sa\u00fade com atua\u00e7\u00e3o tamb\u00e9m em sa\u00fade p\u00fablica, assist\u00eancia e educa\u00e7\u00e3o em sa\u00fade.<\/p>\n<p>Elcemir Pa\u00e7o Cunha<br \/>\nDoutor em Administra\u00e7\u00e3o pela UFMG, professor associado da UFJF, docente permanente do Programa de P\u00f3s-Gradua\u00e7\u00e3o em Administra\u00e7\u00e3o da institui\u00e7\u00e3o, coordenador do grupo de pesquisa Economia Pol\u00edtica das Organiza\u00e7\u00f5es.<\/b><\/div>\n<p><b>Fonte:\u00a0<\/b>Assessoria<\/p>\n<div id=\"box_compartilhar\" align=\"right\"><\/div>\n<p>&nbsp;<\/p>\n","protected":false},"excerpt":{"rendered":"<p>Quest\u00f5es atuais que est\u00e3o fragilizando os que se encontram no mercado de trabalho e causando preju\u00edzos inclusive para a sa\u00fade mental ser\u00e3o tratados no \u201cII Semin\u00e1rio de Vigil\u00e2ncia em Sa\u00fade do Trabalhador e da Trabalhadora\u201d. O evento ser\u00e1 realizado pelo Departamento de Vigil\u00e2ncia em Sa\u00fade do Trabalhador (Dvisat)\/Centro de Refer\u00eancia em Sa\u00fade do Trabalhador (Cerest), [&hellip;]<\/p>\n","protected":false},"author":96,"featured_media":171806,"comment_status":"closed","ping_status":"closed","sticky":false,"template":"","format":"standard","meta":{"footnotes":""},"categories":[253,436,439],"tags":[],"class_list":["post-171805","post","type-post","status-publish","format-standard","has-post-thumbnail","hentry","category-cidade","category-destaque-da-semana","category-ultima-hora"],"_links":{"self":[{"href":"https:\/\/diarioregionaldigital.com.br\/index.php?rest_route=\/wp\/v2\/posts\/171805","targetHints":{"allow":["GET"]}}],"collection":[{"href":"https:\/\/diarioregionaldigital.com.br\/index.php?rest_route=\/wp\/v2\/posts"}],"about":[{"href":"https:\/\/diarioregionaldigital.com.br\/index.php?rest_route=\/wp\/v2\/types\/post"}],"author":[{"embeddable":true,"href":"https:\/\/diarioregionaldigital.com.br\/index.php?rest_route=\/wp\/v2\/users\/96"}],"replies":[{"embeddable":true,"href":"https:\/\/diarioregionaldigital.com.br\/index.php?rest_route=%2Fwp%2Fv2%2Fcomments&post=171805"}],"version-history":[{"count":0,"href":"https:\/\/diarioregionaldigital.com.br\/index.php?rest_route=\/wp\/v2\/posts\/171805\/revisions"}],"wp:featuredmedia":[{"embeddable":true,"href":"https:\/\/diarioregionaldigital.com.br\/index.php?rest_route=\/wp\/v2\/media\/171806"}],"wp:attachment":[{"href":"https:\/\/diarioregionaldigital.com.br\/index.php?rest_route=%2Fwp%2Fv2%2Fmedia&parent=171805"}],"wp:term":[{"taxonomy":"category","embeddable":true,"href":"https:\/\/diarioregionaldigital.com.br\/index.php?rest_route=%2Fwp%2Fv2%2Fcategories&post=171805"},{"taxonomy":"post_tag","embeddable":true,"href":"https:\/\/diarioregionaldigital.com.br\/index.php?rest_route=%2Fwp%2Fv2%2Ftags&post=171805"}],"curies":[{"name":"wp","href":"https:\/\/api.w.org\/{rel}","templated":true}]}}