{"id":171802,"date":"2020-10-26T19:39:36","date_gmt":"2020-10-26T22:39:36","guid":{"rendered":"https:\/\/diarioregionaldigital.com.br\/?p=171802"},"modified":"2020-10-26T19:39:36","modified_gmt":"2020-10-26T22:39:36","slug":"pintura-de-jules-scalbert-e-destaque-do-projeto-a-peca-da-semana","status":"publish","type":"post","link":"https:\/\/diarioregionaldigital.com.br\/?p=171802","title":{"rendered":"Pintura de Jules Scalbert \u00e9 destaque do projeto \u201cA pe\u00e7a da semana"},"content":{"rendered":"<p>Nesta edi\u00e7\u00e3o especial do m\u00eas da crian\u00e7a, o projeto \u201cA pe\u00e7a da semana\u201d apresenta a pintura intitulada \u201cJardin des Plantes\u201d, do artista franc\u00eas Jules Scalbert (Paris, 1851 \u2013 Paris, 1928). A pintura, da segunda metade do s\u00e9culo XIX, com t\u00e9cnica \u00e0 \u00f3leo sobre tela, mede 93x73cm. Ela faz parte da Cole\u00e7\u00e3o de Alfredo Ferreira Lage e j\u00e1 esteve exposta na Galeria Maria Am\u00e1lia. Al\u00e9m da publica\u00e7\u00e3o da imagem nas redes sociais do museu, para esta edi\u00e7\u00e3o foi produzido um v\u00eddeo, onde a historiadora Rosane Carmanini Ferraz destaca caracter\u00edsticas da obra, dialogando com um dos temas trabalhados neste m\u00eas pelo Museu &#8220;Mariano Proc\u00f3pio&#8221;.<\/p>\n<p>O \u201cJardin des Plantes\u201d foi criado em 1635, originalmente como Jardim Real das Plantas Medicinais, por iniciativa de Guy de La Brosse, um dos m\u00e9dicos do rei da Fran\u00e7a, Luiz XIII. Seu objetivo era difundir conhecimentos sobre plantas e flores, al\u00e9m de formar futuros m\u00e9dicos e botic\u00e1rios. Em 1793, o jardim bot\u00e2nico tornou-se parte do Museu Nacional de Hist\u00f3ria Natural, passando a contar, em 1794, com um zool\u00f3gico, o M\u00e9nagerie, que sempre atraiu um grande p\u00fablico, conforme representado na obra em destaque. Estendendo-se atualmente por uma vasta \u00e1rea de 24 hectares, o \u201cJardin des Plantes\u201d \u00e9 uma das mais antigas institui\u00e7\u00f5es cient\u00edficas da Fran\u00e7a.<\/p>\n<p>Jules Scalbert \u00e9 um pintor de natureza-morta, de g\u00eanero e de hist\u00f3ria. Exp\u00f4s pela primeira vez no Salon de 1876, conquistando Men\u00e7\u00e3o Honrosa em 1889 e Medalha de 3\u00aa classe em 1891 e 1901. Foi membro da Sociedade dos Artistas Franceses.<\/p>\n<p><strong>Fonte:<\/strong> Assessoria<\/p>\n","protected":false},"excerpt":{"rendered":"<p>Nesta edi\u00e7\u00e3o especial do m\u00eas da crian\u00e7a, o projeto \u201cA pe\u00e7a da semana\u201d apresenta a pintura intitulada \u201cJardin des Plantes\u201d, do artista franc\u00eas Jules Scalbert (Paris, 1851 \u2013 Paris, 1928). A pintura, da segunda metade do s\u00e9culo XIX, com t\u00e9cnica \u00e0 \u00f3leo sobre tela, mede 93x73cm. Ela faz parte da Cole\u00e7\u00e3o de Alfredo Ferreira Lage [&hellip;]<\/p>\n","protected":false},"author":96,"featured_media":171803,"comment_status":"closed","ping_status":"closed","sticky":false,"template":"","format":"standard","meta":{"footnotes":""},"categories":[256,436,262,439],"tags":[],"class_list":["post-171802","post","type-post","status-publish","format-standard","has-post-thumbnail","hentry","category-cultura","category-destaque-da-semana","category-noticias","category-ultima-hora"],"_links":{"self":[{"href":"https:\/\/diarioregionaldigital.com.br\/index.php?rest_route=\/wp\/v2\/posts\/171802","targetHints":{"allow":["GET"]}}],"collection":[{"href":"https:\/\/diarioregionaldigital.com.br\/index.php?rest_route=\/wp\/v2\/posts"}],"about":[{"href":"https:\/\/diarioregionaldigital.com.br\/index.php?rest_route=\/wp\/v2\/types\/post"}],"author":[{"embeddable":true,"href":"https:\/\/diarioregionaldigital.com.br\/index.php?rest_route=\/wp\/v2\/users\/96"}],"replies":[{"embeddable":true,"href":"https:\/\/diarioregionaldigital.com.br\/index.php?rest_route=%2Fwp%2Fv2%2Fcomments&post=171802"}],"version-history":[{"count":0,"href":"https:\/\/diarioregionaldigital.com.br\/index.php?rest_route=\/wp\/v2\/posts\/171802\/revisions"}],"wp:featuredmedia":[{"embeddable":true,"href":"https:\/\/diarioregionaldigital.com.br\/index.php?rest_route=\/wp\/v2\/media\/171803"}],"wp:attachment":[{"href":"https:\/\/diarioregionaldigital.com.br\/index.php?rest_route=%2Fwp%2Fv2%2Fmedia&parent=171802"}],"wp:term":[{"taxonomy":"category","embeddable":true,"href":"https:\/\/diarioregionaldigital.com.br\/index.php?rest_route=%2Fwp%2Fv2%2Fcategories&post=171802"},{"taxonomy":"post_tag","embeddable":true,"href":"https:\/\/diarioregionaldigital.com.br\/index.php?rest_route=%2Fwp%2Fv2%2Ftags&post=171802"}],"curies":[{"name":"wp","href":"https:\/\/api.w.org\/{rel}","templated":true}]}}