{"id":171799,"date":"2020-10-26T19:22:18","date_gmt":"2020-10-26T22:22:18","guid":{"rendered":"https:\/\/diarioregionaldigital.com.br\/?p=171799"},"modified":"2020-10-26T19:22:18","modified_gmt":"2020-10-26T22:22:18","slug":"tupi-vence-cap-uberlandia-e-se-distancia-da-zona-de-rebaixamento","status":"publish","type":"post","link":"https:\/\/diarioregionaldigital.com.br\/?p=171799","title":{"rendered":"Tupi vence CAP Uberl\u00e2ndia e se distancia da zona de rebaixamento"},"content":{"rendered":"<p><span style=\"font-weight: 400;\">Em jogo v\u00e1lido pela d\u00e9cima e pen\u00faltima rodada da primeira fase do M\u00f3dulo II do Campeonato Mineiro, o Tupi venceu a equipe do CAP Uberl\u00e2ndia no s\u00e1bado (24) no Est\u00e1dio Parque do S\u00e1bia, por 3&#215;0, e abriu dist\u00e2ncia para a zona de rebaixamento do torneio.<\/span><\/p>\n<p><span style=\"font-weight: 400;\">Com o triunfo fora de casa, o Galo Carij\u00f3 sobe para a s\u00e9tima posi\u00e7\u00e3o e soma 12 pontos no campeonato. O pr\u00f3ximo compromisso do alvinegro ser\u00e1 neste s\u00e1bado (31), contra o lanterna Mamor\u00e9, \u00e0s 15h00 no Est\u00e1dio Municipal Radialista M\u00e1rio Hel\u00eanio em Juiz de Fora. J\u00e1 o time de Uberl\u00e2ndia, ocupa o nono lugar com 10 pontos e est\u00e1 pr\u00f3ximo da zona da degola. Agora o time visita o Betim, tamb\u00e9m no s\u00e1bado (31) \u00e0s 15h00, na Arena Vera Cruz.<\/span><\/p>\n<p><b>Primeiro Tempo<\/b><\/p>\n<p><span style=\"font-weight: 400;\">O confronto come\u00e7ou com o time da casa tomando as iniciativas e trabalhando a bola no campo ofensivo. As melhores chances sa\u00edram nos p\u00e9s de <\/span><span style=\"font-weight: 400;\">Thiago Silvy, que defendeu o Tupi na S\u00e9rie B em 2016, mas o experiente jogador de 34 anos, desperdi\u00e7ava as oportunidades de abrir o placar. No lado do Carij\u00f3, o goleiro Jo\u00e3o Lucas fez grandes defesas .<\/span><\/p>\n<p><span style=\"font-weight: 400;\">L\u00e1 no ataque, o time s\u00f3 chegava na \u00e1rea advers\u00e1ria com bolas a\u00e9reas e dependia da mobilidade de L\u00e9o Coca. Na marca dos 27 minutos, em jogada vinda do escanteio pelo lado esquerdo, Thiago se posicionou bem e cabeceou, por\u00e9m a bola passou por cima do gol e quase o Tupi abriu o placar.<\/span><\/p>\n<p><span style=\"font-weight: 400;\">A resposta do CAP Uberl\u00e2ndia veio em contra-ataque, no qual Thiago Silvy ficou cara a cara com Jo\u00e3o Lucas, por\u00e9m finalizou por cima da meta defendida pelo goleiro do Carij\u00f3.<\/span><\/p>\n<p><b>Segundo Tempo<\/b><\/p>\n<p><span style=\"font-weight: 400;\">Na volta para a \u00faltima etapa da partida, o Tupi voltou melhor e passou a controlar mais a posse de bola. Com menos de 15 minutos, o time teve duas chances claras de gol, a primeira Yan, finalizando para a boa defesa de Diego e a segunda com L\u00e9o Coca, tamb\u00e9m defendido pelo arqueiro.<\/span><\/p>\n<p><span style=\"font-weight: 400;\">O bom in\u00edcio de segunda etapa deixou o Carij\u00f3 animado e na marca dos 15, em jogada no escanteio pela direita, a bola sobrou dentro da pequena \u00e1rea para Rafinha empurrar para o fundo do gol, 1&#215;0 para o Tupi.<\/span><\/p>\n<p><span style=\"font-weight: 400;\">Mesmo com a vantagem no marcador, os visitantes seguiram no campo ofensivo e quase saiu o segundo gol com Yan, chutando cruzado de fora da \u00e1rea e obrigou o goleiro Diego a fazer grande defesa. Aos 38, o Tupi ampliou a vantagem com Davy recebendo dentro da \u00e1rea e estufou as redes no Parque do Sabi\u00e1, 2&#215;0 para o alvinegro.<\/span><\/p>\n<p><span style=\"font-weight: 400;\">Na marca dos 42, Raphael Augusto chutou na entrada da grande \u00e1rea e sacramentou a vit\u00f3ria do Carij\u00f3 por 3&#215;0 e praticamente garantir a perman\u00eancia do time no M\u00f3dulo II.<\/span><\/p>\n","protected":false},"excerpt":{"rendered":"<p>Em jogo v\u00e1lido pela d\u00e9cima e pen\u00faltima rodada da primeira fase do M\u00f3dulo II do Campeonato Mineiro, o Tupi venceu a equipe do CAP Uberl\u00e2ndia no s\u00e1bado (24) no Est\u00e1dio Parque do S\u00e1bia, por 3&#215;0, e abriu dist\u00e2ncia para a zona de rebaixamento do torneio. Com o triunfo fora de casa, o Galo Carij\u00f3 sobe [&hellip;]<\/p>\n","protected":false},"author":96,"featured_media":171800,"comment_status":"closed","ping_status":"closed","sticky":false,"template":"","format":"standard","meta":{"footnotes":""},"categories":[436,257,439],"tags":[],"class_list":["post-171799","post","type-post","status-publish","format-standard","has-post-thumbnail","hentry","category-destaque-da-semana","category-esporte","category-ultima-hora"],"_links":{"self":[{"href":"https:\/\/diarioregionaldigital.com.br\/index.php?rest_route=\/wp\/v2\/posts\/171799","targetHints":{"allow":["GET"]}}],"collection":[{"href":"https:\/\/diarioregionaldigital.com.br\/index.php?rest_route=\/wp\/v2\/posts"}],"about":[{"href":"https:\/\/diarioregionaldigital.com.br\/index.php?rest_route=\/wp\/v2\/types\/post"}],"author":[{"embeddable":true,"href":"https:\/\/diarioregionaldigital.com.br\/index.php?rest_route=\/wp\/v2\/users\/96"}],"replies":[{"embeddable":true,"href":"https:\/\/diarioregionaldigital.com.br\/index.php?rest_route=%2Fwp%2Fv2%2Fcomments&post=171799"}],"version-history":[{"count":0,"href":"https:\/\/diarioregionaldigital.com.br\/index.php?rest_route=\/wp\/v2\/posts\/171799\/revisions"}],"wp:featuredmedia":[{"embeddable":true,"href":"https:\/\/diarioregionaldigital.com.br\/index.php?rest_route=\/wp\/v2\/media\/171800"}],"wp:attachment":[{"href":"https:\/\/diarioregionaldigital.com.br\/index.php?rest_route=%2Fwp%2Fv2%2Fmedia&parent=171799"}],"wp:term":[{"taxonomy":"category","embeddable":true,"href":"https:\/\/diarioregionaldigital.com.br\/index.php?rest_route=%2Fwp%2Fv2%2Fcategories&post=171799"},{"taxonomy":"post_tag","embeddable":true,"href":"https:\/\/diarioregionaldigital.com.br\/index.php?rest_route=%2Fwp%2Fv2%2Ftags&post=171799"}],"curies":[{"name":"wp","href":"https:\/\/api.w.org\/{rel}","templated":true}]}}