{"id":171792,"date":"2020-10-26T18:24:57","date_gmt":"2020-10-26T21:24:57","guid":{"rendered":"https:\/\/diarioregionaldigital.com.br\/?p=171792"},"modified":"2020-10-26T18:24:57","modified_gmt":"2020-10-26T21:24:57","slug":"sisu-e-pism-divulgadas-datas-de-matriculas-para-aprovados-no-2o-semestre","status":"publish","type":"post","link":"https:\/\/diarioregionaldigital.com.br\/?p=171792","title":{"rendered":"Sisu e Pism: divulgadas datas de matr\u00edculas para aprovados no 2\u00ba semestre"},"content":{"rendered":"<p><span style=\"font-weight: 400;\">A Coordenadoria de Assuntos e Registros Acad\u00eamicos (Cdara), da Universidade Federal de Juiz de Fora (UFJF), divulgou na \u00faltima sexta-feira (23), as <\/span><a href=\"https:\/\/www2.ufjf.br\/cdara\/2020\/10\/23\/datas-para-matricula-e-reclassificacoes-adicionais-2o-semestre-de-2020\/\"><span style=\"font-weight: 400;\">datas<\/span><\/a><span style=\"font-weight: 400;\"> de matr\u00edcula para os aprovados no segundo semestre de 2020 pelo Sistema de Sele\u00e7\u00e3o Unificada (Sisu), pelo Programa de Ingresso Seletivo Misto (Pism) e pela sele\u00e7\u00e3o especial para o curso de Letras\/Libras.<\/span><\/p>\n<p><span style=\"font-weight: 400;\">Aprovados na chamada regular que j\u00e1 realizaram pr\u00e9-matr\u00edcula on-line dever\u00e3o enviar documentos entre 11 e 18 de novembro. J\u00e1 os convocados nos seis primeiros editais de reclassifica\u00e7\u00e3o, que tamb\u00e9m j\u00e1 realizaram pr\u00e9-matr\u00edcula on-line, ter\u00e3o de 1\u00ba a 8 de dezembro para enviar a documenta\u00e7\u00e3o de requerimento de matr\u00edcula.<\/span><\/p>\n<p><span style=\"font-weight: 400;\">O requerimento de matr\u00edcula \u00e9 a fase na qual o aprovado deve apresentar os documentos necess\u00e1rios, para finalizar o processo de ingresso na UFJF. As orienta\u00e7\u00f5es para apresenta\u00e7\u00e3o dos documentos de matr\u00edcula ser\u00e3o publicadas em breve, na p\u00e1gina da Cdara.\u00a0<\/span><\/p>\n<p><b>Mais dois editais de reclassifica\u00e7\u00e3o<\/b><\/p>\n<p><span style=\"font-weight: 400;\">Al\u00e9m da divulga\u00e7\u00e3o das datas de requerimento de matr\u00edcula, a Cdara adicionou mais duas datas para divulga\u00e7\u00e3o de editais de reclassifica\u00e7\u00e3o para ingresso no segundo semestre de 2020, tanto pelo Pism quanto pelo Sisu. O 7\u00ba edital tem divulga\u00e7\u00e3o prevista para 16 de dezembro. J\u00e1 a publica\u00e7\u00e3o do 8\u00ba edital est\u00e1 agendada para 13 janeiro de 2021.\u00a0<\/span><\/p>\n<p><span style=\"font-weight: 400;\">A matr\u00edcula \u00e9 realizada em duas etapas, divididas em pr\u00e9-matr\u00edcula on-line e apresenta\u00e7\u00e3o dos documentos requeridos. Os candidatos convocados devem realizar a pr\u00e9-matr\u00edcula on-line no per\u00edodo previsto, para terem a vaga reservada e garantida. Todas as etapas de matr\u00edcula na UFJF s\u00e3o obrigat\u00f3rias.<\/span><\/p>\n<p><strong>Fonte:\u00a0<\/strong>Assessoria<\/p>\n","protected":false},"excerpt":{"rendered":"<p>A Coordenadoria de Assuntos e Registros Acad\u00eamicos (Cdara), da Universidade Federal de Juiz de Fora (UFJF), divulgou na \u00faltima sexta-feira (23), as datas de matr\u00edcula para os aprovados no segundo semestre de 2020 pelo Sistema de Sele\u00e7\u00e3o Unificada (Sisu), pelo Programa de Ingresso Seletivo Misto (Pism) e pela sele\u00e7\u00e3o especial para o curso de Letras\/Libras. [&hellip;]<\/p>\n","protected":false},"author":96,"featured_media":171793,"comment_status":"closed","ping_status":"closed","sticky":false,"template":"","format":"standard","meta":{"footnotes":""},"categories":[253,436,439],"tags":[],"class_list":["post-171792","post","type-post","status-publish","format-standard","has-post-thumbnail","hentry","category-cidade","category-destaque-da-semana","category-ultima-hora"],"_links":{"self":[{"href":"https:\/\/diarioregionaldigital.com.br\/index.php?rest_route=\/wp\/v2\/posts\/171792","targetHints":{"allow":["GET"]}}],"collection":[{"href":"https:\/\/diarioregionaldigital.com.br\/index.php?rest_route=\/wp\/v2\/posts"}],"about":[{"href":"https:\/\/diarioregionaldigital.com.br\/index.php?rest_route=\/wp\/v2\/types\/post"}],"author":[{"embeddable":true,"href":"https:\/\/diarioregionaldigital.com.br\/index.php?rest_route=\/wp\/v2\/users\/96"}],"replies":[{"embeddable":true,"href":"https:\/\/diarioregionaldigital.com.br\/index.php?rest_route=%2Fwp%2Fv2%2Fcomments&post=171792"}],"version-history":[{"count":0,"href":"https:\/\/diarioregionaldigital.com.br\/index.php?rest_route=\/wp\/v2\/posts\/171792\/revisions"}],"wp:featuredmedia":[{"embeddable":true,"href":"https:\/\/diarioregionaldigital.com.br\/index.php?rest_route=\/wp\/v2\/media\/171793"}],"wp:attachment":[{"href":"https:\/\/diarioregionaldigital.com.br\/index.php?rest_route=%2Fwp%2Fv2%2Fmedia&parent=171792"}],"wp:term":[{"taxonomy":"category","embeddable":true,"href":"https:\/\/diarioregionaldigital.com.br\/index.php?rest_route=%2Fwp%2Fv2%2Fcategories&post=171792"},{"taxonomy":"post_tag","embeddable":true,"href":"https:\/\/diarioregionaldigital.com.br\/index.php?rest_route=%2Fwp%2Fv2%2Ftags&post=171792"}],"curies":[{"name":"wp","href":"https:\/\/api.w.org\/{rel}","templated":true}]}}