{"id":171789,"date":"2020-10-26T18:19:12","date_gmt":"2020-10-26T21:19:12","guid":{"rendered":"https:\/\/diarioregionaldigital.com.br\/?p=171789"},"modified":"2020-10-26T18:19:12","modified_gmt":"2020-10-26T21:19:12","slug":"coronavirus-municipio-tem-6-944-casos-confirmados-e-256-obitos","status":"publish","type":"post","link":"https:\/\/diarioregionaldigital.com.br\/?p=171789","title":{"rendered":"Coronav\u00edrus: Munic\u00edpio tem 6.944 casos confirmados e 256 \u00f3bitos"},"content":{"rendered":"<p><span style=\"font-weight: 400;\">A Secretaria de Sa\u00fade (SS) da Prefeitura de Juiz de Fora (PJF), divulgou nesta segunda-feira (26), o novo boletim epidemiol\u00f3gico referente ao Coronav\u00edrus. Os dados apontam que nas \u00faltimas 24h, o munic\u00edpio registrou mais 11 novos casos, acumulando 6.944 pessoas infectadas. Segundo os dados, houve aumento de mais tr\u00eas \u00f3bitos, totalizando 256 mortes e 24.942 s\u00e3o suspeitos de terem a doen\u00e7a.<\/span><\/p>\n<p><b>\u00d3bitos<\/b><\/p>\n<p><span style=\"font-weight: 400;\">Idoso, de 63 anos, morreu neste domingo, 25. Comorbidades: Hipertens\u00e3o Arterial Sist\u00eamica (HAS) e pneumopatia cr\u00f4nica;<\/span><\/p>\n<p><span style=\"font-weight: 400;\">Homem, de 40 anos, morreu neste domingo, 25. Sem comorbidades relatadas;<\/span><\/p>\n<p><span style=\"font-weight: 400;\">Idoso, de 72 anos, neste domingo, 25. Comorbidades: Doen\u00e7a Cardiovascular Cr\u00f4nica (DCC), Hipertens\u00e3o Arterial Sist\u00eamica (HAS) e Diabetes Mellitus.<\/span><\/p>\n<p><b>Leitos\u00a0<\/b><\/p>\n<p><span style=\"font-weight: 400;\">Segundo informa\u00e7\u00f5es da PJF, os leitos de enfermaria est\u00e3o com 60,57% de ocupa\u00e7\u00e3o. J\u00e1 os os leitos de UTI e SUS, est\u00e3o com taxa de 71,70% e 75,15% respectivamente.<\/span><\/p>\n<p><b>Isolamento social<\/b><\/p>\n<p><span style=\"font-weight: 400;\">Conforme os dados divulgados pela Prefeitura, o munic\u00edpio apresenta taxa de isolamento social em 50,23%, cuja m\u00e9dia \u00e9 dos \u00faltimos sete dias. O valor continua superior \u00e0 taxa registrada em Minas Gerais, que \u00e9 de 49,17%.<\/span><\/p>\n<p><b>Exames da UFJF<\/b><\/p>\n<p><span style=\"font-weight: 400;\">No per\u00edodo do dia 19 a 23 deste m\u00eas, a Universidade Federal de Juiz de Fora (UFJF), cadastrou um total de 206 exames referentes ao Covid-19 no munic\u00edpio, sendo que 2 est\u00e3o sob an\u00e1lise e 204 laudos foram emitidos. Os testes s\u00e3o feitos em parceria com a Prefeitura de Juiz de Fora (PJF) e todos s\u00e3o oriundos do Sistema \u00danico de Sa\u00fade de 52 munic\u00edpios das regionais de sa\u00fade de Juiz de Fora e Leopoldina.<\/span><\/p>\n<p><span style=\"font-weight: 400;\">Conforme os dados divulgados pela institui\u00e7\u00e3o, foram feitos exames em 17 munic\u00edpios durante o per\u00edodo citado. Ao todo foram 306 testes cadastrados, com 2 em an\u00e1lise e 304 laudos emitidos. Desde que as avalia\u00e7\u00f5es come\u00e7aram a ser feitas no dia 17 de abril, j\u00e1 foram emitidos 9.407 laudos.<\/span><\/p>\n","protected":false},"excerpt":{"rendered":"<p>A Secretaria de Sa\u00fade (SS) da Prefeitura de Juiz de Fora (PJF), divulgou nesta segunda-feira (26), o novo boletim epidemiol\u00f3gico referente ao Coronav\u00edrus. Os dados apontam que nas \u00faltimas 24h, o munic\u00edpio registrou mais 11 novos casos, acumulando 6.944 pessoas infectadas. Segundo os dados, houve aumento de mais tr\u00eas \u00f3bitos, totalizando 256 mortes e 24.942 [&hellip;]<\/p>\n","protected":false},"author":96,"featured_media":171790,"comment_status":"closed","ping_status":"closed","sticky":false,"template":"","format":"standard","meta":{"footnotes":""},"categories":[253,436,440,439],"tags":[],"class_list":["post-171789","post","type-post","status-publish","format-standard","has-post-thumbnail","hentry","category-cidade","category-destaque-da-semana","category-destaques-do-dia","category-ultima-hora"],"_links":{"self":[{"href":"https:\/\/diarioregionaldigital.com.br\/index.php?rest_route=\/wp\/v2\/posts\/171789","targetHints":{"allow":["GET"]}}],"collection":[{"href":"https:\/\/diarioregionaldigital.com.br\/index.php?rest_route=\/wp\/v2\/posts"}],"about":[{"href":"https:\/\/diarioregionaldigital.com.br\/index.php?rest_route=\/wp\/v2\/types\/post"}],"author":[{"embeddable":true,"href":"https:\/\/diarioregionaldigital.com.br\/index.php?rest_route=\/wp\/v2\/users\/96"}],"replies":[{"embeddable":true,"href":"https:\/\/diarioregionaldigital.com.br\/index.php?rest_route=%2Fwp%2Fv2%2Fcomments&post=171789"}],"version-history":[{"count":0,"href":"https:\/\/diarioregionaldigital.com.br\/index.php?rest_route=\/wp\/v2\/posts\/171789\/revisions"}],"wp:featuredmedia":[{"embeddable":true,"href":"https:\/\/diarioregionaldigital.com.br\/index.php?rest_route=\/wp\/v2\/media\/171790"}],"wp:attachment":[{"href":"https:\/\/diarioregionaldigital.com.br\/index.php?rest_route=%2Fwp%2Fv2%2Fmedia&parent=171789"}],"wp:term":[{"taxonomy":"category","embeddable":true,"href":"https:\/\/diarioregionaldigital.com.br\/index.php?rest_route=%2Fwp%2Fv2%2Fcategories&post=171789"},{"taxonomy":"post_tag","embeddable":true,"href":"https:\/\/diarioregionaldigital.com.br\/index.php?rest_route=%2Fwp%2Fv2%2Ftags&post=171789"}],"curies":[{"name":"wp","href":"https:\/\/api.w.org\/{rel}","templated":true}]}}