{"id":171786,"date":"2020-10-26T18:06:55","date_gmt":"2020-10-26T21:06:55","guid":{"rendered":"https:\/\/diarioregionaldigital.com.br\/?p=171786"},"modified":"2020-10-26T18:06:55","modified_gmt":"2020-10-26T21:06:55","slug":"com-o-triunfo-de-lewis-hamilton-em-portugal-f1-tem-novo-recordista-de-vitorias","status":"publish","type":"post","link":"https:\/\/diarioregionaldigital.com.br\/?p=171786","title":{"rendered":"Com o triunfo de Lewis Hamilton em Portugal, F1 tem novo recordista de vit\u00f3rias"},"content":{"rendered":"<p><span style=\"font-weight: 400;\">No \u00faltimo domingo, o ingl\u00eas Lewis Hamilton, da Mercedes, venceu o GP de Portugal, no Circuito de Algarve e obteve mais uma vit\u00f3ria na temporada 2020. Entretanto, o triunfo foi o mais marcante na carreira do piloto de 35 anos, uma vez que passou a ser o maior recordista de vit\u00f3rias na principal categoria do automobilismo mundial, com 92 em 262 provas disputadas.\u00a0<\/span><\/p>\n<p><span style=\"font-weight: 400;\">De quebra, fez com que ele superasse a incr\u00edvel marca at\u00e9 ent\u00e3o do heptacampe\u00e3o Michael Schumacher, algo que para muitos profissionais da comunica\u00e7\u00e3o e especialistas que trabalham com a F1, era considerado como imposs\u00edvel. Agora a fa\u00e7anha se tornou algo hist\u00f3rico.<\/span><\/p>\n<p><span style=\"font-weight: 400;\">Diante disso, a lista com os pilotos que mais ganharam corridas na F1, teve uma leve altera\u00e7\u00e3o no topo dela: o l\u00edder agora se chama Lewis Hamilton. No restante do \u2018top-5\u2019, temos o pr\u00f3prio Schumacher com 91, Sebastian Vettel com 53, Alain Prost com 51 e Ayrton Senna com 41.<\/span><\/p>\n<p><b>Confira a lista dos 10 maiores vencedores da F1<\/b><\/p>\n<table>\n<tbody>\n<tr>\n<td><b>Piloto<\/b><\/td>\n<td><b>Pa\u00eds<\/b><\/td>\n<td><b>N\u00famero de Vit\u00f3rias<\/b><\/td>\n<td><b>GPs Disputados<\/b><\/td>\n<td><b>Primeira Prova<\/b><\/td>\n<td><b>\u00daltima Prova<\/b><\/td>\n<\/tr>\n<tr>\n<td><span style=\"font-weight: 400;\">Lewis Hamilton<\/span><\/td>\n<td><span style=\"font-weight: 400;\">Reino Unido<\/span><\/td>\n<td><span style=\"font-weight: 400;\">92<\/span><\/td>\n<td><span style=\"font-weight: 400;\">262<\/span><\/td>\n<td><span style=\"font-weight: 400;\">Austr\u00e1lia 2007<\/span><\/td>\n<td><span style=\"font-weight: 400;\">Portugal 2020<\/span><\/td>\n<\/tr>\n<tr>\n<td><span style=\"font-weight: 400;\">Michael Schumacher<\/span><\/td>\n<td><span style=\"font-weight: 400;\"> Alemanha<\/span><\/td>\n<td><span style=\"font-weight: 400;\">91<\/span><\/td>\n<td><span style=\"font-weight: 400;\">307<\/span><\/td>\n<td><span style=\"font-weight: 400;\">B\u00e9lgica 1991<\/span><\/td>\n<td><span style=\"font-weight: 400;\">Brasil 2012<\/span><\/td>\n<\/tr>\n<tr>\n<td><span style=\"font-weight: 400;\">Sebastian Vettel<\/span><\/td>\n<td><span style=\"font-weight: 400;\"> Alemanha<\/span><\/td>\n<td><span style=\"font-weight: 400;\">53<\/span><\/td>\n<td><span style=\"font-weight: 400;\">252<\/span><\/td>\n<td><span style=\"font-weight: 400;\">EUA 2007<\/span><\/td>\n<td><span style=\"font-weight: 400;\">Portugal 2020<\/span><\/td>\n<\/tr>\n<tr>\n<td><span style=\"font-weight: 400;\">Alain Prost<\/span><\/td>\n<td><span style=\"font-weight: 400;\"> Fran\u00e7a<\/span><\/td>\n<td><span style=\"font-weight: 400;\">51<\/span><\/td>\n<td><span style=\"font-weight: 400;\">199<\/span><\/td>\n<td><span style=\"font-weight: 400;\">Argentina 1980<\/span><\/td>\n<td><span style=\"font-weight: 400;\">Austr\u00e1lia 1993<\/span><\/td>\n<\/tr>\n<tr>\n<td><span style=\"font-weight: 400;\">Ayrton Senna<\/span><\/td>\n<td><span style=\"font-weight: 400;\"> Brasil<\/span><\/td>\n<td><span style=\"font-weight: 400;\">41<\/span><\/td>\n<td><span style=\"font-weight: 400;\">161<\/span><\/td>\n<td><span style=\"font-weight: 400;\">Brasil 1984<\/span><\/td>\n<td><span style=\"font-weight: 400;\">San Marino 1994<\/span><\/td>\n<\/tr>\n<tr>\n<td><span style=\"font-weight: 400;\">Fernando Alonso<\/span><\/td>\n<td><span style=\"font-weight: 400;\"> Espanha<\/span><\/td>\n<td><span style=\"font-weight: 400;\">32<\/span><\/td>\n<td><span style=\"font-weight: 400;\">312<\/span><\/td>\n<td><span style=\"font-weight: 400;\">Austr\u00e1lia 2001<\/span><\/td>\n<td><span style=\"font-weight: 400;\">Abu Dhabi 2018<\/span><\/td>\n<\/tr>\n<tr>\n<td><span style=\"font-weight: 400;\">Nigel Mansell<\/span><\/td>\n<td><span style=\"font-weight: 400;\"> Reino Unido<\/span><\/td>\n<td><span style=\"font-weight: 400;\">31<\/span><\/td>\n<td><span style=\"font-weight: 400;\">192<\/span><\/td>\n<td><span style=\"font-weight: 400;\">\u00c1ustria 1980<\/span><\/td>\n<td><span style=\"font-weight: 400;\">Espanha 1995<\/span><\/td>\n<\/tr>\n<tr>\n<td><span style=\"font-weight: 400;\">Jackie Stewart<\/span><\/td>\n<td><span style=\"font-weight: 400;\"> Reino Unido<\/span><\/td>\n<td><span style=\"font-weight: 400;\">27<\/span><\/td>\n<td><span style=\"font-weight: 400;\">99<\/span><\/td>\n<td><span style=\"font-weight: 400;\">\u00c1frica do Sul 1965<\/span><\/td>\n<td><span style=\"font-weight: 400;\">Canad\u00e1 1973<\/span><\/td>\n<\/tr>\n<tr>\n<td><span style=\"font-weight: 400;\">Jim Clark<\/span><\/td>\n<td><span style=\"font-weight: 400;\">Reino Unido<\/span><\/td>\n<td><span style=\"font-weight: 400;\">25<\/span><\/td>\n<td><span style=\"font-weight: 400;\">73<\/span><\/td>\n<td><span style=\"font-weight: 400;\">Holanda 1960<\/span><\/td>\n<td><span style=\"font-weight: 400;\">\u00c1frica do Sul 1968<\/span><\/td>\n<\/tr>\n<tr>\n<td><span style=\"font-weight: 400;\">Niki Lauda<\/span><\/td>\n<td><span style=\"font-weight: 400;\">\u00c1ustria<\/span><\/td>\n<td><span style=\"font-weight: 400;\">25<\/span><\/td>\n<td><span style=\"font-weight: 400;\">177<\/span><\/td>\n<td><span style=\"font-weight: 400;\">\u00c1ustria 1971<\/span><\/td>\n<td><span style=\"font-weight: 400;\">Austr\u00e1lia 1985<\/span><\/td>\n<\/tr>\n<tr>\n<td><span style=\"font-weight: 400;\">Juan Manuel Fangio<\/span><\/td>\n<td><span style=\"font-weight: 400;\"> Argentina<\/span><\/td>\n<td><span style=\"font-weight: 400;\">24<\/span><\/td>\n<td><span style=\"font-weight: 400;\">52<\/span><\/td>\n<td><span style=\"font-weight: 400;\">Inglaterra 1950<\/span><\/td>\n<td><span style=\"font-weight: 400;\">Fran\u00e7a 1958<\/span><\/td>\n<\/tr>\n<\/tbody>\n<\/table>\n<p>&nbsp;<\/p>\n","protected":false},"excerpt":{"rendered":"<p>No \u00faltimo domingo, o ingl\u00eas Lewis Hamilton, da Mercedes, venceu o GP de Portugal, no Circuito de Algarve e obteve mais uma vit\u00f3ria na temporada 2020. Entretanto, o triunfo foi o mais marcante na carreira do piloto de 35 anos, uma vez que passou a ser o maior recordista de vit\u00f3rias na principal categoria do [&hellip;]<\/p>\n","protected":false},"author":96,"featured_media":171787,"comment_status":"closed","ping_status":"closed","sticky":false,"template":"","format":"standard","meta":{"footnotes":""},"categories":[436,257,439],"tags":[],"class_list":["post-171786","post","type-post","status-publish","format-standard","has-post-thumbnail","hentry","category-destaque-da-semana","category-esporte","category-ultima-hora"],"_links":{"self":[{"href":"https:\/\/diarioregionaldigital.com.br\/index.php?rest_route=\/wp\/v2\/posts\/171786","targetHints":{"allow":["GET"]}}],"collection":[{"href":"https:\/\/diarioregionaldigital.com.br\/index.php?rest_route=\/wp\/v2\/posts"}],"about":[{"href":"https:\/\/diarioregionaldigital.com.br\/index.php?rest_route=\/wp\/v2\/types\/post"}],"author":[{"embeddable":true,"href":"https:\/\/diarioregionaldigital.com.br\/index.php?rest_route=\/wp\/v2\/users\/96"}],"replies":[{"embeddable":true,"href":"https:\/\/diarioregionaldigital.com.br\/index.php?rest_route=%2Fwp%2Fv2%2Fcomments&post=171786"}],"version-history":[{"count":0,"href":"https:\/\/diarioregionaldigital.com.br\/index.php?rest_route=\/wp\/v2\/posts\/171786\/revisions"}],"wp:featuredmedia":[{"embeddable":true,"href":"https:\/\/diarioregionaldigital.com.br\/index.php?rest_route=\/wp\/v2\/media\/171787"}],"wp:attachment":[{"href":"https:\/\/diarioregionaldigital.com.br\/index.php?rest_route=%2Fwp%2Fv2%2Fmedia&parent=171786"}],"wp:term":[{"taxonomy":"category","embeddable":true,"href":"https:\/\/diarioregionaldigital.com.br\/index.php?rest_route=%2Fwp%2Fv2%2Fcategories&post=171786"},{"taxonomy":"post_tag","embeddable":true,"href":"https:\/\/diarioregionaldigital.com.br\/index.php?rest_route=%2Fwp%2Fv2%2Ftags&post=171786"}],"curies":[{"name":"wp","href":"https:\/\/api.w.org\/{rel}","templated":true}]}}