{"id":171783,"date":"2020-10-26T17:36:21","date_gmt":"2020-10-26T20:36:21","guid":{"rendered":"https:\/\/diarioregionaldigital.com.br\/?p=171783"},"modified":"2020-10-26T17:36:21","modified_gmt":"2020-10-26T20:36:21","slug":"28-de-outubro-veja-como-ficam-os-servicos-da-pjf-no-dia-do-servidor-publico","status":"publish","type":"post","link":"https:\/\/diarioregionaldigital.com.br\/?p=171783","title":{"rendered":"28 de outubro &#8211; Veja como ficam os servi\u00e7os da PJF no \u201cDia do Servidor P\u00fablico\u201d"},"content":{"rendered":"<div id=\"box_texto_noticia\">Em fun\u00e7\u00e3o do ponto facultativo do \u201cDia do Servidor\u201d, quarta-feira, 28, a Prefeitura de Juiz de Fora (PJF) n\u00e3o ter\u00e1 expediente, sendo mantidos os servi\u00e7os essenciais. Veja, abaixo, como fica o funcionamento:<\/p>\n<p><b>Parque da Lajinha:<\/b>\u00a0funcionamento normal, das 8 \u00e0s 12 horas.<\/p>\n<p><b>Companhia de Saneamento Municipal (Cesama):<\/b>\u00a0funcionamento normal.<\/p>\n<p><b>Departamento Municipal de Limpeza Urbana (Demlurb):<\/b>\u00a0funcionamento normal. Apenas o administrativo n\u00e3o funciona.<\/p>\n<p><b>Mercado Municipal:<\/b>\u00a0funcionamento normal.<\/p>\n<p><b>Restaurante Popular:<\/b>\u00a0funcionamento normal.<\/p>\n<p><b>Feiras livres:<\/b>\u00a0funcionamento normal.<\/p>\n<p><b>Espa\u00e7o Cidad\u00e3o:<\/b>\u00a0N\u00e3o haver\u00e1 expediente no Espa\u00e7o Cidad\u00e3o Centro e nos centros regionais.<\/p>\n<p><b>Guarda Municipal (GM):<\/b>\u00a0funcionamento na Central de Atendimento, atrav\u00e9s do telefone 153, no Hospital \u201cDoutor Geraldo Mozart Teixeira\u201d, Parque da Lajinha e ronda motorizada preventiva.<\/p>\n<p><b>Sa\u00fade:<\/b>\u00a0expediente normal nas unidades de Pronto Atendimento (UPAs) e Regional Leste, Pronto Atendimento Infantil (PAI) e no Hospital \u201cDoutor Geraldo Mozart Teixeira\u201d. As unidades b\u00e1sicas de Sa\u00fade (UBSs) ficar\u00e3o fechadas.<\/p>\n<p><b>Defesa Civil:<\/b>\u00a0funcionamento em esquema de plant\u00e3o, com atendimento pelo telefone 199.<\/p>\n<p><b>Assist\u00eancia social:<\/b>\u00a0os servi\u00e7os da Casa de Passagem para Mulheres, Centro de Passagem para Homens, Acolhimento Institucional de Crian\u00e7as, Adolescentes, Adultos e de Idosos, Centro Especializado de Assist\u00eancia Social (Creas) Centro Pop, funcionam normalmente. J\u00e1 os Conselhos Tutelares, funcionam em esquema de plant\u00e3o atrav\u00e9s dos telefones: Sul\/Oeste 99939-8073; Leste 99939-9373. J\u00e1 o Centro de Refer\u00eancia de Assist\u00eancia Social (Cras), servi\u00e7os de Fortalecimento de V\u00ednculos n\u00e3o funcionam.<\/div>\n<div><\/div>\n<div><strong>Fonte:\u00a0<\/strong>Assessoria<\/div>\n<p>&nbsp;<\/p>\n<div id=\"box_compartilhar\" align=\"right\"><\/div>\n","protected":false},"excerpt":{"rendered":"<p>Em fun\u00e7\u00e3o do ponto facultativo do \u201cDia do Servidor\u201d, quarta-feira, 28, a Prefeitura de Juiz de Fora (PJF) n\u00e3o ter\u00e1 expediente, sendo mantidos os servi\u00e7os essenciais. Veja, abaixo, como fica o funcionamento: Parque da Lajinha:\u00a0funcionamento normal, das 8 \u00e0s 12 horas. Companhia de Saneamento Municipal (Cesama):\u00a0funcionamento normal. Departamento Municipal de Limpeza Urbana (Demlurb):\u00a0funcionamento normal. Apenas [&hellip;]<\/p>\n","protected":false},"author":96,"featured_media":171784,"comment_status":"closed","ping_status":"closed","sticky":false,"template":"","format":"standard","meta":{"footnotes":""},"categories":[253,436,439],"tags":[],"class_list":["post-171783","post","type-post","status-publish","format-standard","has-post-thumbnail","hentry","category-cidade","category-destaque-da-semana","category-ultima-hora"],"_links":{"self":[{"href":"https:\/\/diarioregionaldigital.com.br\/index.php?rest_route=\/wp\/v2\/posts\/171783","targetHints":{"allow":["GET"]}}],"collection":[{"href":"https:\/\/diarioregionaldigital.com.br\/index.php?rest_route=\/wp\/v2\/posts"}],"about":[{"href":"https:\/\/diarioregionaldigital.com.br\/index.php?rest_route=\/wp\/v2\/types\/post"}],"author":[{"embeddable":true,"href":"https:\/\/diarioregionaldigital.com.br\/index.php?rest_route=\/wp\/v2\/users\/96"}],"replies":[{"embeddable":true,"href":"https:\/\/diarioregionaldigital.com.br\/index.php?rest_route=%2Fwp%2Fv2%2Fcomments&post=171783"}],"version-history":[{"count":0,"href":"https:\/\/diarioregionaldigital.com.br\/index.php?rest_route=\/wp\/v2\/posts\/171783\/revisions"}],"wp:featuredmedia":[{"embeddable":true,"href":"https:\/\/diarioregionaldigital.com.br\/index.php?rest_route=\/wp\/v2\/media\/171784"}],"wp:attachment":[{"href":"https:\/\/diarioregionaldigital.com.br\/index.php?rest_route=%2Fwp%2Fv2%2Fmedia&parent=171783"}],"wp:term":[{"taxonomy":"category","embeddable":true,"href":"https:\/\/diarioregionaldigital.com.br\/index.php?rest_route=%2Fwp%2Fv2%2Fcategories&post=171783"},{"taxonomy":"post_tag","embeddable":true,"href":"https:\/\/diarioregionaldigital.com.br\/index.php?rest_route=%2Fwp%2Fv2%2Ftags&post=171783"}],"curies":[{"name":"wp","href":"https:\/\/api.w.org\/{rel}","templated":true}]}}