{"id":171780,"date":"2020-10-26T16:36:44","date_gmt":"2020-10-26T19:36:44","guid":{"rendered":"https:\/\/diarioregionaldigital.com.br\/?p=171780"},"modified":"2020-10-26T16:36:44","modified_gmt":"2020-10-26T19:36:44","slug":"em-final-com-as-duas-duplas-olimpicas-alison-e-alvaro-levam-a-melhor-em-saquarema","status":"publish","type":"post","link":"https:\/\/diarioregionaldigital.com.br\/?p=171780","title":{"rendered":"Em final com as duas duplas ol\u00edmpicas, Alison e \u00c1lvaro levam a melhor em Saquarema"},"content":{"rendered":"<p><span style=\"font-weight: 400;\">A final da segunda etapa do Circuito Brasileiro de V\u00f4lei de Praia da temporada 2020\/2021 colocou em lados opostos as duas duplas classificadas para os Jogos Ol\u00edmpicos de T\u00f3quio. Melhor para Alison e \u00c1lvaro Filho (ES\/PB), que venceram Evandro\/Bruno Schmidt (RJ\/DF) por 2 sets a 0 (21\/19 e 21\/19) na arena montada no Centro de Desenvolvimento de Voleibol (CDV), em Saquarema (RJ). Os quatro atletas s\u00e3o integrantes da categoria P\u00f3dio, a principal do programa Bolsa Atleta, do Minist\u00e9rio da Cidadania.<\/span><\/p>\n<p><span style=\"font-weight: 400;\">Este foi o segundo t\u00edtulo da dupla em etapas do tour nacional. Antes eles tinham ficado com o ouro em Cuiab\u00e1 (MT), na segunda parada da temporada 2019\/2020. Alison chegou ao 33\u00b0 t\u00edtulo no Circuito, enquanto \u00c1lvaro alcan\u00e7ou o nono. Ali\u00e1s, o paraibano, que \u00e9 pai de primeira viagem &#8211; o filho Dom nasceu h\u00e1 pouco mais de duas semanas \u2013 foi eleito o melhor em quadra na decis\u00e3o, comemorou o t\u00edtulo e dedicou ao novo herdeiro.<\/span><\/p>\n<p><span style=\"font-weight: 400;\">\u201cEstou sem palavras para agradecer ao time e ao Alison, especialmente pelo fato de que eles tiveram paci\u00eancia e carinho comigo nesse momento. \u00c9 minha melhor fase, o momento mais especial da minha vida. Eu quero dedicar este t\u00edtulo \u00e0 minha esposa (Marcella), ao meu filho e \u00e0 minha fam\u00edlia\u201d, disse \u00c1lvaro.<\/span><\/p>\n<p><span style=\"font-weight: 400;\">Ao lado de \u00c1lvaro na conquista, Alison mostrou entrosamento dentro e fora de quadra com o parceiro. O gigante capixaba tamb\u00e9m ser\u00e1 pai de uma menina em breve, j\u00e1 que a esposa Tatiana Trist\u00e3o est\u00e1 gr\u00e1vida de 22 semanas de Catarina. Ap\u00f3s a conquista de mais uma etapa na carreira, o atleta enalteceu os advers\u00e1rios da final e elogiou a estrutura do evento.<\/span><\/p>\n<p><span style=\"font-weight: 400;\">\u201c\u00c9 uma etapa especial para nosso time, esse momento \u00e9 bem m\u00e1gico. O v\u00f4lei de praia brasileiro masculino \u00e9 muito forte. Tivemos uma partida dur\u00edssima na semifinal e sab\u00edamos que hoje n\u00e3o seria diferente, contra o Evandro e o Bruno, que v\u00e3o representar nosso pa\u00eds nos Jogos de T\u00f3quio. Nossa comiss\u00e3o t\u00e9cnica foi incr\u00edvel, \u00c1lvaro jogou demais e estamos felizes por essa evolu\u00e7\u00e3o. A Confedera\u00e7\u00e3o Brasileira de Voleibol tamb\u00e9m est\u00e1 de parab\u00e9ns pela estrutura incr\u00edvel que montou aqui, refer\u00eancia mundial, sem d\u00favida\u201d, contou Alison.<\/span><\/p>\n<p><b>L\u00edderes<\/b><\/p>\n<p><span style=\"font-weight: 400;\">O bronze ficou com a dupla que lidera o ranking nacional. Andr\u00e9 e George (ES\/PB), campe\u00f5es da etapa de abertura, superaram Allison Francioni\/F\u00e1bio (SC\/CE) por 2 sets a 0 (21\/10 e 21\/18). O capixaba foi escolhido pelo p\u00fablico como o melhor em quadra, celebrou a medalha e homenageou a m\u00e3e, Lilian Loyola, aniversariante do dia.<\/span><\/p>\n<p><span style=\"font-weight: 400;\">\u201cInfelizmente hoje n\u00e3o disputamos a final, que era o nosso grande objetivo. Viemos com a cabe\u00e7a renovada, quer\u00edamos muito essa medalha, que \u00e9 importante tamb\u00e9m. Foi uma etapa diferente, com mais vento, com chuva. O George jogou muito, fizemos um jogo muito bom. Na etapa passada eu dediquei a medalha ao meu pai, e hoje a mensagem especial \u00e9 para a minha m\u00e3e, que faz anivers\u00e1rio\u201d<\/span><\/p>\n<p><span style=\"font-weight: 400;\">Mesmo sem contar com p\u00fablico presente em raz\u00e3o dos protocolos de seguran\u00e7a sanit\u00e1ria, as partidas n\u00e3o ficaram sem torcida. Alguns f\u00e3s do v\u00f4lei de praia tiveram a oportunidade de acompanhar os duelos por meio da \u201cArquibancasa\u201d. Acessando um convite virtual, os f\u00e3s interagiram com o animador e participaram de a\u00e7\u00f5es nos intervalos das partidas. O sistema foi exibido em tel\u00f5es na quadra central e trouxe anima\u00e7\u00e3o e cores para a competi\u00e7\u00e3o.<\/span><\/p>\n<p><span style=\"font-weight: 400;\">Cada etapa do Circuito Brasileiro distribui R$ 47 mil \u00e0s duplas campe\u00e3s dos dois naipes, e todos os times na fase de grupos s\u00e3o premiados. Ao todo, s\u00e3o distribu\u00eddos aproximadamente de R$ 538 mil por etapa. A temporada 2020\/2021 continua em novembro. Entre os dias 4 e 8 acontece a terceira parada do naipe feminino. As duplas masculinas voltam \u00e0 a\u00e7\u00e3o entre 11 e 15. Os dois torneios acontecer\u00e3o novamente dentro do CDV, em Saquarema.<\/span><\/p>\n<p><strong>Fonte:<\/strong> CBV<\/p>\n","protected":false},"excerpt":{"rendered":"<p>A final da segunda etapa do Circuito Brasileiro de V\u00f4lei de Praia da temporada 2020\/2021 colocou em lados opostos as duas duplas classificadas para os Jogos Ol\u00edmpicos de T\u00f3quio. Melhor para Alison e \u00c1lvaro Filho (ES\/PB), que venceram Evandro\/Bruno Schmidt (RJ\/DF) por 2 sets a 0 (21\/19 e 21\/19) na arena montada no Centro de [&hellip;]<\/p>\n","protected":false},"author":96,"featured_media":171781,"comment_status":"closed","ping_status":"closed","sticky":false,"template":"","format":"standard","meta":{"footnotes":""},"categories":[436,257,439],"tags":[],"class_list":["post-171780","post","type-post","status-publish","format-standard","has-post-thumbnail","hentry","category-destaque-da-semana","category-esporte","category-ultima-hora"],"_links":{"self":[{"href":"https:\/\/diarioregionaldigital.com.br\/index.php?rest_route=\/wp\/v2\/posts\/171780","targetHints":{"allow":["GET"]}}],"collection":[{"href":"https:\/\/diarioregionaldigital.com.br\/index.php?rest_route=\/wp\/v2\/posts"}],"about":[{"href":"https:\/\/diarioregionaldigital.com.br\/index.php?rest_route=\/wp\/v2\/types\/post"}],"author":[{"embeddable":true,"href":"https:\/\/diarioregionaldigital.com.br\/index.php?rest_route=\/wp\/v2\/users\/96"}],"replies":[{"embeddable":true,"href":"https:\/\/diarioregionaldigital.com.br\/index.php?rest_route=%2Fwp%2Fv2%2Fcomments&post=171780"}],"version-history":[{"count":0,"href":"https:\/\/diarioregionaldigital.com.br\/index.php?rest_route=\/wp\/v2\/posts\/171780\/revisions"}],"wp:featuredmedia":[{"embeddable":true,"href":"https:\/\/diarioregionaldigital.com.br\/index.php?rest_route=\/wp\/v2\/media\/171781"}],"wp:attachment":[{"href":"https:\/\/diarioregionaldigital.com.br\/index.php?rest_route=%2Fwp%2Fv2%2Fmedia&parent=171780"}],"wp:term":[{"taxonomy":"category","embeddable":true,"href":"https:\/\/diarioregionaldigital.com.br\/index.php?rest_route=%2Fwp%2Fv2%2Fcategories&post=171780"},{"taxonomy":"post_tag","embeddable":true,"href":"https:\/\/diarioregionaldigital.com.br\/index.php?rest_route=%2Fwp%2Fv2%2Ftags&post=171780"}],"curies":[{"name":"wp","href":"https:\/\/api.w.org\/{rel}","templated":true}]}}