{"id":171777,"date":"2020-10-26T16:31:32","date_gmt":"2020-10-26T19:31:32","guid":{"rendered":"https:\/\/diarioregionaldigital.com.br\/?p=171777"},"modified":"2020-10-26T16:31:32","modified_gmt":"2020-10-26T19:31:32","slug":"policiais-militares-do-rj-sao-presos-em-juiz-de-fora-por-suspeita-de-sequestro-de-familia","status":"publish","type":"post","link":"https:\/\/diarioregionaldigital.com.br\/?p=171777","title":{"rendered":"Policiais Militares do RJ s\u00e3o presos em Juiz de Fora por suspeita de sequestro de fam\u00edlia"},"content":{"rendered":"<p><span style=\"font-weight: 400;\">A Pol\u00edcia Militar (PM) de Juiz de Fora, prendeu no domingo (25), tr\u00eas militares de 36, 41 e 42 anos, sendo estes do Rio de Janeiro, suspeitos de estarem envolvidos em sequestro de uma fam\u00edlia de Belo Horizonte. Segundo informa\u00e7\u00f5es, os autores estariam levando uma mulher, 26, e duas crian\u00e7as, 5 e 7 anos, para a capital fluminense.\u00a0<\/span><\/p>\n<p><span style=\"font-weight: 400;\">De acordo com relatos de sua esposa, ela conta que estavam indo em dire\u00e7\u00e3o a Belo Horizonte na quinta-feira (22), ap\u00f3s receberem amea\u00e7as de morte. A partir da referida data, diversas pessoas teriam ido at\u00e9 o hotel onde estavam hospedados, para questionar sobre a localiza\u00e7\u00e3o do marido. Este estaria envolvido em sistemas de financeiros, e que <\/span><span style=\"font-weight: 400;\">por n\u00e3o ter condi\u00e7\u00f5es de pagar aos credores uma d\u00edvida de milh\u00f5es de reais, passou a receber constantes amea\u00e7as.<\/span><\/p>\n<p><span style=\"font-weight: 400;\">Na madrugada de domingo (25), a mulher, junto com suas filhas, foram surpreendidas pelos sequestradores, justamente no momento em que o homem n\u00e3o estava presente no hotel. Eles ordenaram que as v\u00edtimas entrassem no ve\u00edculo e que seriam transportadas ao Rio de Janeiro. Em relatos \u00e0 PM, os infratores contam que n\u00e3o se tratava de um sequestro. A a\u00e7\u00e3o seria uma exig\u00eancia para o pagamento das aplica\u00e7\u00f5es financeiras para a liberta\u00e7\u00e3o das v\u00edtimas.<\/span><\/p>\n<p><b>Pris\u00e3o dos envolvidos\u00a0<\/b><\/p>\n<p><span style=\"font-weight: 400;\">Segundo o boletim de ocorr\u00eancia, foram instalados dois cercos <\/span><span style=\"font-weight: 400;\">na BR-040, em Juiz de Fora e em Barbacena. No bloqueio de Juiz de Fora, um ve\u00edculo foi abordado e dentro dele, estavam as v\u00edtimas e os dois policiais militares envolvidos <\/span><span style=\"font-weight: 400;\">na a\u00e7\u00e3o criminosa.<\/span><\/p>\n<p><span style=\"font-weight: 400;\">Al\u00e9m disso, na blitz em Barbacena, outros cinco indiv\u00edduos, participantes do grupo, foram presos em flagrante.<\/span><\/p>\n<p><b>Investiga\u00e7\u00e3o sobre o caso<\/b><\/p>\n<p><span style=\"font-weight: 400;\">A Pol\u00edcia Civil em Juiz de Fora, emitiu um comunicado oficial no qual informa que os suspeitos foram encaminhados ao sistema prisional. O caso ser\u00e1 investigado pela Delegacia Especializada de Roubos. Al\u00e9m disso, as pol\u00edcias civil e militar do Rio de Janeiro foram chamadas para acompanhar o caso.<\/span><\/p>\n","protected":false},"excerpt":{"rendered":"<p>A Pol\u00edcia Militar (PM) de Juiz de Fora, prendeu no domingo (25), tr\u00eas militares de 36, 41 e 42 anos, sendo estes do Rio de Janeiro, suspeitos de estarem envolvidos em sequestro de uma fam\u00edlia de Belo Horizonte. Segundo informa\u00e7\u00f5es, os autores estariam levando uma mulher, 26, e duas crian\u00e7as, 5 e 7 anos, para [&hellip;]<\/p>\n","protected":false},"author":96,"featured_media":171778,"comment_status":"closed","ping_status":"closed","sticky":false,"template":"","format":"standard","meta":{"footnotes":""},"categories":[301,436,439],"tags":[],"class_list":["post-171777","post","type-post","status-publish","format-standard","has-post-thumbnail","hentry","category-artigos-policiais","category-destaque-da-semana","category-ultima-hora"],"_links":{"self":[{"href":"https:\/\/diarioregionaldigital.com.br\/index.php?rest_route=\/wp\/v2\/posts\/171777","targetHints":{"allow":["GET"]}}],"collection":[{"href":"https:\/\/diarioregionaldigital.com.br\/index.php?rest_route=\/wp\/v2\/posts"}],"about":[{"href":"https:\/\/diarioregionaldigital.com.br\/index.php?rest_route=\/wp\/v2\/types\/post"}],"author":[{"embeddable":true,"href":"https:\/\/diarioregionaldigital.com.br\/index.php?rest_route=\/wp\/v2\/users\/96"}],"replies":[{"embeddable":true,"href":"https:\/\/diarioregionaldigital.com.br\/index.php?rest_route=%2Fwp%2Fv2%2Fcomments&post=171777"}],"version-history":[{"count":0,"href":"https:\/\/diarioregionaldigital.com.br\/index.php?rest_route=\/wp\/v2\/posts\/171777\/revisions"}],"wp:featuredmedia":[{"embeddable":true,"href":"https:\/\/diarioregionaldigital.com.br\/index.php?rest_route=\/wp\/v2\/media\/171778"}],"wp:attachment":[{"href":"https:\/\/diarioregionaldigital.com.br\/index.php?rest_route=%2Fwp%2Fv2%2Fmedia&parent=171777"}],"wp:term":[{"taxonomy":"category","embeddable":true,"href":"https:\/\/diarioregionaldigital.com.br\/index.php?rest_route=%2Fwp%2Fv2%2Fcategories&post=171777"},{"taxonomy":"post_tag","embeddable":true,"href":"https:\/\/diarioregionaldigital.com.br\/index.php?rest_route=%2Fwp%2Fv2%2Ftags&post=171777"}],"curies":[{"name":"wp","href":"https:\/\/api.w.org\/{rel}","templated":true}]}}