{"id":171774,"date":"2020-10-26T16:05:02","date_gmt":"2020-10-26T19:05:02","guid":{"rendered":"https:\/\/diarioregionaldigital.com.br\/?p=171774"},"modified":"2020-10-26T16:05:02","modified_gmt":"2020-10-26T19:05:02","slug":"funcionarios-da-gil-tem-pagamentos-regularizados-e-greve-e-cancelada","status":"publish","type":"post","link":"https:\/\/diarioregionaldigital.com.br\/?p=171774","title":{"rendered":"Funcion\u00e1rios da GIL tem pagamentos regularizados e greve \u00e9 cancelada"},"content":{"rendered":"<p><span style=\"font-weight: 400;\">Ap\u00f3s haver ind\u00edcios de paralisa\u00e7\u00e3o das atividades, os funcion\u00e1rios da empresa Goretti Irm\u00e3os Ltda. (Gil), tiveram o pagamento de seus sal\u00e1rios referentes ao m\u00eas de setembro, regularizados. Diante disso, a greve, que estaria em vigor a partir do \u00faltimo domingo (25) e duraria a semana inteira, foi cancelada ao menos por ora.<\/span><\/p>\n<p><span style=\"font-weight: 400;\">A quita\u00e7\u00e3o dos d\u00e9bitos foi confirmada pelo Sindicato dos Trabalhadores em Empresas de Transporte Coletivo Urbano de Juiz de Fora (Sinttro\/JF), que segue no aguardo pela regulariza\u00e7\u00e3o de benef\u00edcios complementares aos sal\u00e1rios, ainda em atraso.<\/span><\/p>\n<p><span style=\"font-weight: 400;\">O Sindicato informa tamb\u00e9m que o pagamento da parcela restante, foi efetuado no final da semana passada. Mesmo perante ao atraso dos benef\u00edcios, os trabalhadores optaram em aguardar a resolu\u00e7\u00e3o da Gil, que deve ser publicada nesta quinta-feira (29).\u00a0<\/span><\/p>\n<p><b>An\u00fancio de poss\u00edvel greve<\/b><\/p>\n<p><span style=\"font-weight: 400;\">Por conta do n\u00e3o pagamento dos sal\u00e1rios do m\u00eas de setembro, os funcion\u00e1rios da Gil amea\u00e7aram aderir a greve, com dura\u00e7\u00e3o de tempo indeterminado, a partir do domingo (25). A categoria relata que n\u00e3o foi cumprida a decis\u00e3o judicial, que determina a quita\u00e7\u00e3o dos d\u00e9bitos, por parte da empresa. No \u00faltimo dia 8 deste m\u00eas, o Tribunal Regional do Trabalho (TRT) da 3\u00aa regi\u00e3o, emitiu uma liminar referente ao caso e foi assinada pelo ju\u00edz da 1\u00aa Vara do Trabalho de Juiz de Fora, Jos\u00e9 Nilton Ferreira. Caso o acordo n\u00e3o fosse cumprido dentro do prazo de 5 dias \u00fateis, a empresa pagaria multa di\u00e1ria no valor de R$ 5 mil.\u00a0<\/span><\/p>\n<p><b>Paralisa\u00e7\u00e3o em agosto<\/b><\/p>\n<p><span style=\"font-weight: 400;\">No dia 18 de agosto, motoristas e cobradores de todas as empresas do Transporte Coletivo Urbano (TCU), entraram em greve, ap\u00f3s serem recusadas as propostas de redu\u00e7\u00e3o das cestas b\u00e1sicas e tamb\u00e9m do corte de 50% dos sal\u00e1rios.\u00a0<\/span><\/p>\n<p><span style=\"font-weight: 400;\">A categoria reivindicou tamb\u00e9m a manuten\u00e7\u00e3o de no m\u00ednimo, 70% da jornada de trabalho e dos sal\u00e1rios atuais, uma vez que as concession\u00e1rias teriam proposto corte de 50% das horas trabalhadas. Diante da situa\u00e7\u00e3o, a Prefeitura de Juiz de Fora (PJF) autorizou \u00e0s vans escolares de transportarem passageiros, como previsto em Decreto, no mesmo valor da tarifa de \u00f4nibus, R$ 3,75. Ao todo, cerca de 260 ve\u00edculos estiveram em circula\u00e7\u00e3o no munic\u00edpio.<\/span><\/p>\n<p><span style=\"font-weight: 400;\">A greve foi encerrada no dia 26 do mesmo m\u00eas, ap\u00f3s ambas as partes chegarem a um acordo e os trabalhadores do transporte coletivo concordaram com: redu\u00e7\u00e3o do ticket alimenta\u00e7\u00e3o em 10%, retirada de alguns itens da cesta b\u00e1sica, estes at\u00e9 junho de 2021. Redu\u00e7\u00e3o da jornada de trabalho para no m\u00ednimo 60%, suspens\u00e3o do abono de f\u00e9rias e gratifica\u00e7\u00e3o por antiguidade e programa\u00e7\u00e3o de discuss\u00e3o do \u00edndice de reajuste, estes para janeiro de 2021.<\/span><\/p>\n<p><b>Nova greve em setembro<\/b><\/p>\n<p><span style=\"font-weight: 400;\">No dia 15 do \u00faltimo m\u00eas, os motoristas e cobradores da GIL, paralisaram novamente suas atividades, desta vez por conta da suspens\u00e3o do pagamento do plano de sa\u00fade. Contudo, os ve\u00edculos voltaram a circular na manh\u00e3 seguinte.<\/span><\/p>\n<p><b>Crise nas empresas de \u00f4nibus<\/b><\/p>\n<p><span style=\"font-weight: 400;\">Por conta da pandemia do novo Coronav\u00edrus, as empresas de \u00f4nibus do munic\u00edpio t\u00eam d\u00edvidas de R$ 7 milh\u00f5es desde o m\u00eas de mar\u00e7o, conforme a Astransp. Segundo informa\u00e7\u00f5es dos cons\u00f3rcios, desde outubro de 2019, o n\u00famero de passageiros pagantes ultrapassou a marca de 7 milh\u00f5es. J\u00e1 em mar\u00e7o e abril deste ano, o n\u00famero caiu para 4,9 e 2,2 milh\u00f5es respectivamente.<\/span><\/p>\n<p><span style=\"font-weight: 400;\">Diante disso, as empresas alegam que a queda de usu\u00e1rios nos \u00f4nibus gerou desequil\u00edbrio financeiro e no contrato de recess\u00e3o. Al\u00e9m disso, os representantes j\u00e1 se reuniram com a Prefeitura de Juiz de Fora, para negociar reequil\u00edbrio financeiro dos contratos de concess\u00e3o do transporte.<\/span><\/p>\n","protected":false},"excerpt":{"rendered":"<p>Ap\u00f3s haver ind\u00edcios de paralisa\u00e7\u00e3o das atividades, os funcion\u00e1rios da empresa Goretti Irm\u00e3os Ltda. (Gil), tiveram o pagamento de seus sal\u00e1rios referentes ao m\u00eas de setembro, regularizados. Diante disso, a greve, que estaria em vigor a partir do \u00faltimo domingo (25) e duraria a semana inteira, foi cancelada ao menos por ora. A quita\u00e7\u00e3o dos [&hellip;]<\/p>\n","protected":false},"author":96,"featured_media":171775,"comment_status":"closed","ping_status":"closed","sticky":false,"template":"","format":"standard","meta":{"footnotes":""},"categories":[253,436,440,439],"tags":[],"class_list":["post-171774","post","type-post","status-publish","format-standard","has-post-thumbnail","hentry","category-cidade","category-destaque-da-semana","category-destaques-do-dia","category-ultima-hora"],"_links":{"self":[{"href":"https:\/\/diarioregionaldigital.com.br\/index.php?rest_route=\/wp\/v2\/posts\/171774","targetHints":{"allow":["GET"]}}],"collection":[{"href":"https:\/\/diarioregionaldigital.com.br\/index.php?rest_route=\/wp\/v2\/posts"}],"about":[{"href":"https:\/\/diarioregionaldigital.com.br\/index.php?rest_route=\/wp\/v2\/types\/post"}],"author":[{"embeddable":true,"href":"https:\/\/diarioregionaldigital.com.br\/index.php?rest_route=\/wp\/v2\/users\/96"}],"replies":[{"embeddable":true,"href":"https:\/\/diarioregionaldigital.com.br\/index.php?rest_route=%2Fwp%2Fv2%2Fcomments&post=171774"}],"version-history":[{"count":0,"href":"https:\/\/diarioregionaldigital.com.br\/index.php?rest_route=\/wp\/v2\/posts\/171774\/revisions"}],"wp:featuredmedia":[{"embeddable":true,"href":"https:\/\/diarioregionaldigital.com.br\/index.php?rest_route=\/wp\/v2\/media\/171775"}],"wp:attachment":[{"href":"https:\/\/diarioregionaldigital.com.br\/index.php?rest_route=%2Fwp%2Fv2%2Fmedia&parent=171774"}],"wp:term":[{"taxonomy":"category","embeddable":true,"href":"https:\/\/diarioregionaldigital.com.br\/index.php?rest_route=%2Fwp%2Fv2%2Fcategories&post=171774"},{"taxonomy":"post_tag","embeddable":true,"href":"https:\/\/diarioregionaldigital.com.br\/index.php?rest_route=%2Fwp%2Fv2%2Ftags&post=171774"}],"curies":[{"name":"wp","href":"https:\/\/api.w.org\/{rel}","templated":true}]}}