{"id":171771,"date":"2020-10-26T15:52:58","date_gmt":"2020-10-26T18:52:58","guid":{"rendered":"https:\/\/diarioregionaldigital.com.br\/?p=171771"},"modified":"2020-10-30T08:08:03","modified_gmt":"2020-10-30T11:08:03","slug":"pm-apreende-mala-com-drogas-no-terminal-rodoviario-miguel-mansur","status":"publish","type":"post","link":"https:\/\/diarioregionaldigital.com.br\/?p=171771","title":{"rendered":"PM apreende mala com drogas no Terminal Rodovi\u00e1rio Miguel Mansur"},"content":{"rendered":"<p><span style=\"font-weight: 400;\">Na noite de domingo (25), a Pol\u00edcia Militar (PM), recebeu den\u00fancias de um funcion\u00e1rio do Terminal Rodovi\u00e1rio Miguel Mansur, Bairro S\u00e3o Dimas (Regi\u00e3o Norte), sobre uma mulher, que estaria carregando uma mala contendo materiais relacionados ao tr\u00e1fico de drogas.<\/span><\/p>\n<p><span style=\"font-weight: 400;\">Com informa\u00e7\u00f5es em m\u00e3os, os policiais compareceram ao local e ao se aproximarem, a autora levantou-se do local onde estava, deixando para tr\u00e1s a referida bagagem. A mulher foi abordada e negou ser propriet\u00e1ria do material.<\/span><\/p>\n<p><span style=\"font-weight: 400;\">Diante disso, foi feita vistoria na referida bagagem e em seu interior foram encontrados os seguintes materiais: 23 barras de maconha, quatro pacotes da mesma subst\u00e2ncia, duas por\u00e7\u00f5es de coca\u00edna, uma passagem com destino a cidade de Montes Claros, um aparelho celular, uma mala de viagem marrom e R$10,00 em dinheiro.<\/span><\/p>\n<p><span style=\"font-weight: 400;\">Segundo informa\u00e7\u00f5es do boletim, a autora chegou ao local junto com um homem que trajava blusa verde, bon\u00e9 azul e bermuda, o qual entregou a mala para a autora junto com um travesseiro. Foi apurado ainda anteriormente, a mesma estava acompanhada de um homem de 25 anos, e um terceiro que n\u00e3o foi identificado, sendo que este se dirigiu at\u00e9 o guich\u00ea, relatando que a mo\u00e7a estava levando drogas dentro da mala.<\/span><\/p>\n<p><span style=\"font-weight: 400;\">Em conversas com os militares, a mulher conta que veio de Montes Claros e que receberia a quantia de R$1.200,00 para fazer o transporte de entorpecentes. Ao chegar em Juiz de Fora, encontrou-se com um outro indiv\u00edduo e que este teria entregue a mala.\u00a0<\/span><\/p>\n<p><span style=\"font-weight: 400;\">Mediante aos fatos, a PM prendeu dois rapazes de 25 anos, sendo estes encaminhados \u00e0 presen\u00e7a da autoridade de pol\u00edcia judici\u00e1ria para as demais provid\u00eancias.<\/span><\/p>\n","protected":false},"excerpt":{"rendered":"<p>Na noite de domingo (25), a Pol\u00edcia Militar (PM), recebeu den\u00fancias de um funcion\u00e1rio do Terminal Rodovi\u00e1rio Miguel Mansur, Bairro S\u00e3o Dimas (Regi\u00e3o Norte), sobre uma mulher, que estaria carregando uma mala contendo materiais relacionados ao tr\u00e1fico de drogas. Com informa\u00e7\u00f5es em m\u00e3os, os policiais compareceram ao local e ao se aproximarem, a autora levantou-se [&hellip;]<\/p>\n","protected":false},"author":96,"featured_media":171772,"comment_status":"closed","ping_status":"closed","sticky":false,"template":"","format":"standard","meta":{"footnotes":""},"categories":[301,436,440,439],"tags":[],"class_list":["post-171771","post","type-post","status-publish","format-standard","has-post-thumbnail","hentry","category-artigos-policiais","category-destaque-da-semana","category-destaques-do-dia","category-ultima-hora"],"_links":{"self":[{"href":"https:\/\/diarioregionaldigital.com.br\/index.php?rest_route=\/wp\/v2\/posts\/171771","targetHints":{"allow":["GET"]}}],"collection":[{"href":"https:\/\/diarioregionaldigital.com.br\/index.php?rest_route=\/wp\/v2\/posts"}],"about":[{"href":"https:\/\/diarioregionaldigital.com.br\/index.php?rest_route=\/wp\/v2\/types\/post"}],"author":[{"embeddable":true,"href":"https:\/\/diarioregionaldigital.com.br\/index.php?rest_route=\/wp\/v2\/users\/96"}],"replies":[{"embeddable":true,"href":"https:\/\/diarioregionaldigital.com.br\/index.php?rest_route=%2Fwp%2Fv2%2Fcomments&post=171771"}],"version-history":[{"count":0,"href":"https:\/\/diarioregionaldigital.com.br\/index.php?rest_route=\/wp\/v2\/posts\/171771\/revisions"}],"wp:featuredmedia":[{"embeddable":true,"href":"https:\/\/diarioregionaldigital.com.br\/index.php?rest_route=\/wp\/v2\/media\/171772"}],"wp:attachment":[{"href":"https:\/\/diarioregionaldigital.com.br\/index.php?rest_route=%2Fwp%2Fv2%2Fmedia&parent=171771"}],"wp:term":[{"taxonomy":"category","embeddable":true,"href":"https:\/\/diarioregionaldigital.com.br\/index.php?rest_route=%2Fwp%2Fv2%2Fcategories&post=171771"},{"taxonomy":"post_tag","embeddable":true,"href":"https:\/\/diarioregionaldigital.com.br\/index.php?rest_route=%2Fwp%2Fv2%2Ftags&post=171771"}],"curies":[{"name":"wp","href":"https:\/\/api.w.org\/{rel}","templated":true}]}}