{"id":171768,"date":"2020-10-26T15:37:15","date_gmt":"2020-10-26T18:37:15","guid":{"rendered":"https:\/\/diarioregionaldigital.com.br\/?p=171768"},"modified":"2020-10-26T15:37:15","modified_gmt":"2020-10-26T18:37:15","slug":"colisao-deixa-um-homem-morto-na-br-267","status":"publish","type":"post","link":"https:\/\/diarioregionaldigital.com.br\/?p=171768","title":{"rendered":"Colis\u00e3o deixa um homem morto na BR-267"},"content":{"rendered":"<p>Na manh\u00e3 desta segunda-feira (26), o Corpo de Bombeiro foi acionado, para atender a uma ocorr\u00eancia referente a colis\u00e3o frontal entre um ve\u00edculo de passeio, com placas de Alto Rio Doce, e um caminh\u00e3o ba\u00fa, com placas de Rio Claro-SP. De acordo com a Pol\u00edcia Rodovi\u00e1ria Federal (PRF), o acidente ocorreu na altura do Km 153 da BR-267, pr\u00f3ximo a Lima Duarte.<\/p>\n<p>As duas viaturas dos Bombeiros compareceram ao local e ao socorrer um homem de 53 anos, condutor do carro, este j\u00e1 se encontrara morto no meio das ferragens. O motorista do caminh\u00e3o, 49 anos, n\u00e3o apresentava les\u00f5es aparentes e recusou atendimento.<\/p>\n<p>Segundo a PRF, a v\u00edtima trafegava na rodovia no sentido Juiz de Fora\/Caxambu, quando em um determinado momento perdeu o controle do autom\u00f3vel e invadiu a contram\u00e3o. Instantes depois, veio a colidir de frente com o caminh\u00e3o, que vinha da dire\u00e7\u00e3o contr\u00e1ria. O corpo da v\u00edtima foi encaminhado ao IML de Juiz de Fora.<\/p>\n","protected":false},"excerpt":{"rendered":"<p>Na manh\u00e3 desta segunda-feira (26), o Corpo de Bombeiro foi acionado, para atender a uma ocorr\u00eancia referente a colis\u00e3o frontal entre um ve\u00edculo de passeio, com placas de Alto Rio Doce, e um caminh\u00e3o ba\u00fa, com placas de Rio Claro-SP. De acordo com a Pol\u00edcia Rodovi\u00e1ria Federal (PRF), o acidente ocorreu na altura do Km [&hellip;]<\/p>\n","protected":false},"author":96,"featured_media":171769,"comment_status":"closed","ping_status":"closed","sticky":false,"template":"","format":"standard","meta":{"footnotes":""},"categories":[436,440,252,439],"tags":[],"class_list":["post-171768","post","type-post","status-publish","format-standard","has-post-thumbnail","hentry","category-destaque-da-semana","category-destaques-do-dia","category-regiao","category-ultima-hora"],"_links":{"self":[{"href":"https:\/\/diarioregionaldigital.com.br\/index.php?rest_route=\/wp\/v2\/posts\/171768","targetHints":{"allow":["GET"]}}],"collection":[{"href":"https:\/\/diarioregionaldigital.com.br\/index.php?rest_route=\/wp\/v2\/posts"}],"about":[{"href":"https:\/\/diarioregionaldigital.com.br\/index.php?rest_route=\/wp\/v2\/types\/post"}],"author":[{"embeddable":true,"href":"https:\/\/diarioregionaldigital.com.br\/index.php?rest_route=\/wp\/v2\/users\/96"}],"replies":[{"embeddable":true,"href":"https:\/\/diarioregionaldigital.com.br\/index.php?rest_route=%2Fwp%2Fv2%2Fcomments&post=171768"}],"version-history":[{"count":0,"href":"https:\/\/diarioregionaldigital.com.br\/index.php?rest_route=\/wp\/v2\/posts\/171768\/revisions"}],"wp:featuredmedia":[{"embeddable":true,"href":"https:\/\/diarioregionaldigital.com.br\/index.php?rest_route=\/wp\/v2\/media\/171769"}],"wp:attachment":[{"href":"https:\/\/diarioregionaldigital.com.br\/index.php?rest_route=%2Fwp%2Fv2%2Fmedia&parent=171768"}],"wp:term":[{"taxonomy":"category","embeddable":true,"href":"https:\/\/diarioregionaldigital.com.br\/index.php?rest_route=%2Fwp%2Fv2%2Fcategories&post=171768"},{"taxonomy":"post_tag","embeddable":true,"href":"https:\/\/diarioregionaldigital.com.br\/index.php?rest_route=%2Fwp%2Fv2%2Ftags&post=171768"}],"curies":[{"name":"wp","href":"https:\/\/api.w.org\/{rel}","templated":true}]}}