{"id":171758,"date":"2020-10-26T15:03:59","date_gmt":"2020-10-26T18:03:59","guid":{"rendered":"https:\/\/diarioregionaldigital.com.br\/?p=171758"},"modified":"2020-10-26T15:03:59","modified_gmt":"2020-10-26T18:03:59","slug":"candidatos-a-pjf-participam-de-debate-nesta-quinta-feira-na-jftv-camara","status":"publish","type":"post","link":"https:\/\/diarioregionaldigital.com.br\/?p=171758","title":{"rendered":"Candidatos \u00e0 PJF participam de debate nesta quinta-feira na JFTV C\u00e2mara"},"content":{"rendered":"<p><span style=\"font-weight: 400;\">A JFTV C\u00e2mara, transmite nesta quinta-feira (29) \u00e0s 20h40, o debate envolvendo os 11 candidatos \u00e0 Prefeitura de Juiz de Fora (PJF). A rede televisiva administrado <\/span><span style=\"font-weight: 400;\">pelo Poder Legislativo de Juiz de Fora, far\u00e1 um confronto de ideias entre os convidados.<\/span><\/p>\n<p><span style=\"font-weight: 400;\">Quanto ao formato do debate, o plano inicial era de contar com participa\u00e7\u00e3o de sete candidatos, os quais t\u00eam representa\u00e7\u00e3o m\u00ednima, como prevista nas leis eleitorais vigentes. Entretanto, o Tribunal Superior Eleitoral (TSE), informa que \u201cdeve ser obrigat\u00f3rio que seja convidado o candidato de partido pol\u00edtico ou de coliga\u00e7\u00e3o que possua mais de nove representantes na C\u00e2mara dos Deputados\u201d. Contudo, tal decis\u00e3o foi reavaliada e foi decidido que todos os candidatos ao pleito estar\u00e3o presentes no debate.<\/span><\/p>\n<p><span style=\"font-weight: 400;\">Al\u00e9m disso, foi definido que o local para a abordagem dos temas, ser\u00e1 o Plen\u00e1rio. Em material divulgado, a JFTV C\u00e2mara, informa que \u201ca estrutura j\u00e1 possui microfones, capta\u00e7\u00e3o de \u00e1udio, ilumina\u00e7\u00e3o e adequa\u00e7\u00f5es necess\u00e1rias para transmiss\u00f5es. Os candidatos, respeitando a dist\u00e2ncia necess\u00e1ria de dois metros, v\u00e3o ocupar os lugares atr\u00e1s da bancada, onde ficam os vereadores.\u201d<\/span><\/p>\n<p><b>Temas a serem tratados<\/b><\/p>\n<p><span style=\"font-weight: 400;\">De acordo com o documento divulgado, o debate contar\u00e1 com quatro blocos de intera\u00e7\u00e3o e no encerramento, cada participante far\u00e1 suas considera\u00e7\u00f5es finais. A divis\u00e3o dos blocos ficou definida da seguinte forma:\u00a0 no primeiro e no terceiro, os candidatos far\u00e3o perguntas com temas livres. No segundo e quarto blocos, as perguntas ser\u00e3o feitas atrav\u00e9s de temas sorteados.<\/span><\/p>\n","protected":false},"excerpt":{"rendered":"<p>A JFTV C\u00e2mara, transmite nesta quinta-feira (29) \u00e0s 20h40, o debate envolvendo os 11 candidatos \u00e0 Prefeitura de Juiz de Fora (PJF). A rede televisiva administrado pelo Poder Legislativo de Juiz de Fora, far\u00e1 um confronto de ideias entre os convidados. Quanto ao formato do debate, o plano inicial era de contar com participa\u00e7\u00e3o de [&hellip;]<\/p>\n","protected":false},"author":96,"featured_media":171759,"comment_status":"closed","ping_status":"closed","sticky":false,"template":"","format":"standard","meta":{"footnotes":""},"categories":[436,440,254,439],"tags":[],"class_list":["post-171758","post","type-post","status-publish","format-standard","has-post-thumbnail","hentry","category-destaque-da-semana","category-destaques-do-dia","category-politica","category-ultima-hora"],"_links":{"self":[{"href":"https:\/\/diarioregionaldigital.com.br\/index.php?rest_route=\/wp\/v2\/posts\/171758","targetHints":{"allow":["GET"]}}],"collection":[{"href":"https:\/\/diarioregionaldigital.com.br\/index.php?rest_route=\/wp\/v2\/posts"}],"about":[{"href":"https:\/\/diarioregionaldigital.com.br\/index.php?rest_route=\/wp\/v2\/types\/post"}],"author":[{"embeddable":true,"href":"https:\/\/diarioregionaldigital.com.br\/index.php?rest_route=\/wp\/v2\/users\/96"}],"replies":[{"embeddable":true,"href":"https:\/\/diarioregionaldigital.com.br\/index.php?rest_route=%2Fwp%2Fv2%2Fcomments&post=171758"}],"version-history":[{"count":0,"href":"https:\/\/diarioregionaldigital.com.br\/index.php?rest_route=\/wp\/v2\/posts\/171758\/revisions"}],"wp:featuredmedia":[{"embeddable":true,"href":"https:\/\/diarioregionaldigital.com.br\/index.php?rest_route=\/wp\/v2\/media\/171759"}],"wp:attachment":[{"href":"https:\/\/diarioregionaldigital.com.br\/index.php?rest_route=%2Fwp%2Fv2%2Fmedia&parent=171758"}],"wp:term":[{"taxonomy":"category","embeddable":true,"href":"https:\/\/diarioregionaldigital.com.br\/index.php?rest_route=%2Fwp%2Fv2%2Fcategories&post=171758"},{"taxonomy":"post_tag","embeddable":true,"href":"https:\/\/diarioregionaldigital.com.br\/index.php?rest_route=%2Fwp%2Fv2%2Ftags&post=171758"}],"curies":[{"name":"wp","href":"https:\/\/api.w.org\/{rel}","templated":true}]}}