{"id":171754,"date":"2020-10-26T14:35:55","date_gmt":"2020-10-26T17:35:55","guid":{"rendered":"https:\/\/diarioregionaldigital.com.br\/?p=171754"},"modified":"2020-10-26T14:37:26","modified_gmt":"2020-10-26T17:37:26","slug":"104-da-populacao-realiza-teste-de-covid-19-ate-setembro-no-pais","status":"publish","type":"post","link":"https:\/\/diarioregionaldigital.com.br\/?p=171754","title":{"rendered":"10,4% da popula\u00e7\u00e3o realiza teste de Covid-19 at\u00e9 setembro no pa\u00eds"},"content":{"rendered":"<p><span style=\"font-weight: 400;\">O n\u00famero de pessoas que fizeram algum teste de diagn\u00f3stico da Covid-19 chegou a 21,9 milh\u00f5es em setembro, o equivalente a 10,4% da popula\u00e7\u00e3o do pa\u00eds. Destas, 4,8 milh\u00f5es testaram positivo. Os dados s\u00e3o da edi\u00e7\u00e3o mensal da PNAD COVID19, divulgada pelo IBGE. Em agosto, 17,9 milh\u00f5es haviam feito o teste e 3,9 milh\u00f5es receberam o diagn\u00f3stico da doen\u00e7a.<\/span><\/p>\n<p><span style=\"font-weight: 400;\">\u201cDe agosto para setembro, foram mais quatro milh\u00f5es de pessoas que fizeram o teste e cerca de um milh\u00e3o a mais testou positivo\u201d, diz a coordenadora da pesquisa, Maria Lucia Vieira.<\/span><\/p>\n<p><span style=\"font-weight: 400;\">Por grupos de idade, o maior percentual de pessoas que fizeram algum teste para detec\u00e7\u00e3o da Covid-19 foi entre 30 a 59 anos de idade (14,3%), seguido pelos grupos de 20 a 29 anos (12,1%) e de 60 anos ou mais de idade (9,2%). Entre as pessoas sem instru\u00e7\u00e3o ao fundamental incompleto, 5,5% realizaram e, entre aqueles com superior completo ou p\u00f3s-gradua\u00e7\u00e3o, 21,5%.<\/span><\/p>\n<p><span style=\"font-weight: 400;\">O percentual de realiza\u00e7\u00e3o dos testes para diagn\u00f3stico da doen\u00e7a \u00e9 maior no grupo das pessoas com maior rendimento domiciliar per capita, chegando a 25,1% para as pessoas na faixa de quatro ou mais sal\u00e1rios m\u00ednimos. No mesmo per\u00edodo, apenas 5,9% das pessoas na faixa de menos de meio sal\u00e1rio m\u00ednimo fizeram algum teste.<\/span><\/p>\n<p><span style=\"font-weight: 400;\">Tr\u00eas tipos de testes s\u00e3o abordados pela pesquisa: o SWAB, exame em que o material \u00e9 coletado com cotonete na boca e\/ou nariz; o teste r\u00e1pido com coleta de sangue por um furo no dedo; e o exame com sangue retirado na veia do bra\u00e7o. Dos 21,9 milh\u00f5es de pessoas que fizeram o teste, 8,8 milh\u00f5es fizeram SWAB e, destas, 2,3 milh\u00f5es receberam diagn\u00f3stico positivo.<\/span><\/p>\n<p><span style=\"font-weight: 400;\">O Distrito Federal (22,2%) foi a Unidade da Federa\u00e7\u00e3o com maior percentual de testes realizados, seguido por Piau\u00ed (17%) e Goi\u00e1s (16%). Os menores percentuais foram registrados em Pernambuco (6,8%), Acre (6,9%) e Minas Gerais (7,8%).<\/span><\/p>\n<p><span style=\"font-weight: 400;\">A pesquisa tamb\u00e9m apontou queda no contingente daqueles que relataram ter algum sintoma de s\u00edndromes gripais. Em setembro, 9,2 milh\u00f5es de pessoas afirmavam ter algum dos sintomas abordados pela pesquisa, como tosse, febre e dificuldade para respirar. Esse n\u00famero representa 4,4% da popula\u00e7\u00e3o brasileira. Em maio, quando a pesquisa foi iniciada, 24 milh\u00f5es, ou 11,4% dos brasileiros, apresentavam algum dos sintomas.<\/span><\/p>\n<p><b>Em 29,9 milh\u00f5es de domic\u00edlios, algum morador recebeu aux\u00edlio emergencial<\/b><\/p>\n<p><span style=\"font-weight: 400;\">Em setembro, o percentual de domic\u00edlios onde algum morador recebeu algum aux\u00edlio para combater os efeitos da pandemia foi de 43,6%. Em agosto era de 43,9%. Foram atendidos 29,9 milh\u00f5es em setembro frente aos 30,1 milh\u00f5es de agosto. O valor m\u00e9dio do benef\u00edcio recebido pela popula\u00e7\u00e3o foi de R$ 894 por domic\u00edlio.<\/span><\/p>\n<p><span style=\"font-weight: 400;\">\u201cO percentual de domic\u00edlios onde algum morador recebia aux\u00edlio emergencial ficou est\u00e1vel nesses \u00faltimos quatros meses\u201d, diz Maria Lucia. Entre os tipos de aux\u00edlio abordados pela pesquisa, est\u00e3o o emergencial, destinado a trabalhadores informais, microempreendedores individuais (MEI), aut\u00f4nomos e desempregados, e a complementa\u00e7\u00e3o do Governo Federal pelo Programa Emergencial de Manuten\u00e7\u00e3o do Emprego e da Renda.<\/span><\/p>\n<p><span style=\"font-weight: 400;\">Norte (59,8%) e Nordeste (58,8%) foram as regi\u00f5es que tiveram os maiores percentuais de domic\u00edlios recebendo aux\u00edlio. Entre os estados, o Amap\u00e1 (68,4%) foi estado com maior propor\u00e7\u00e3o, seguido de Maranh\u00e3o (63,7%) e Par\u00e1 (63,3%).<\/span><\/p>\n<p><span style=\"font-weight: 400;\">\u201cAs regi\u00f5es que t\u00eam mais domic\u00edlios com pessoas recebendo aux\u00edlio ainda s\u00e3o Norte e Nordeste, onde as pessoas est\u00e3o mais dentro dos crit\u00e9rios para receber o aux\u00edlio. Esse percentual ficou est\u00e1vel em todas as grandes regi\u00f5es\u201d, diz a pesquisadora.<\/span><\/p>\n<p><b>Popula\u00e7\u00e3o desocupada e taxa de desocupa\u00e7\u00e3o foram recorde<\/b><\/p>\n<p><span style=\"font-weight: 400;\">A PNAD COVID19 estimou a popula\u00e7\u00e3o ocupada do pa\u00eds em 82,9 milh\u00f5es de pessoas em setembro, aumento de 1% frente ao m\u00eas anterior e retra\u00e7\u00e3o de 1,7% em rela\u00e7\u00e3o a maio. \u201cA popula\u00e7\u00e3o ocupada era de 84,4 milh\u00f5es em maio e caiu at\u00e9 o m\u00eas de julho, quando volta a ter varia\u00e7\u00f5es positivas, chegando ao contingente de 82,9 milh\u00f5es em setembro. Ainda est\u00e1 abaixo do n\u00famero que t\u00ednhamos em maio, mas j\u00e1 mostrando uma leve recupera\u00e7\u00e3o nos meses de agosto e setembro\u201d, diz a pesquisadora.<\/span><\/p>\n<p><span style=\"font-weight: 400;\">J\u00e1 a popula\u00e7\u00e3o desocupada, que era de 10,1 milh\u00f5es no come\u00e7o da pesquisa, passou para 13,5 milh\u00f5es em setembro, um recorde da s\u00e9rie hist\u00f3rica. \u201cH\u00e1 um aumento da popula\u00e7\u00e3o desocupada ao longo de todos esses meses. Esse crescimento se d\u00e1 em fun\u00e7\u00e3o tanto das pessoas que perderam suas ocupa\u00e7\u00f5es at\u00e9 o m\u00eas de julho quanto das pessoas que come\u00e7am a sair do distanciamento social e voltam a pressionar o mercado de trabalho\u201d, explica Maria Lucia.<\/span><\/p>\n<p><span style=\"font-weight: 400;\">Com isso, a for\u00e7a de trabalho, soma da popula\u00e7\u00e3o ocupada e desocupada, passou de 94,5 milh\u00f5es, em maio, para 96,4 milh\u00f5es em setembro. O n\u00famero de pessoas fora da for\u00e7a de trabalho caiu 1,5% em rela\u00e7\u00e3o a agosto, chegando a 74,1 milh\u00f5es. J\u00e1 a taxa de desemprego passou de 13,6%, em agosto, para 14%, a maior da s\u00e9rie hist\u00f3rica da pesquisa.<\/span><\/p>\n<p><span style=\"font-weight: 400;\">Dos 82,9 milh\u00f5es de pessoas ocupadas, 93,5% n\u00e3o estavam afastados do trabalho que tinham. Destes, 10,4% estavam trabalhando de forma remota.<\/span><\/p>\n<p><strong>Fonte:\u00a0<\/strong>Ag\u00eancia IBGE<\/p>\n","protected":false},"excerpt":{"rendered":"<p>O n\u00famero de pessoas que fizeram algum teste de diagn\u00f3stico da Covid-19 chegou a 21,9 milh\u00f5es em setembro, o equivalente a 10,4% da popula\u00e7\u00e3o do pa\u00eds. Destas, 4,8 milh\u00f5es testaram positivo. Os dados s\u00e3o da edi\u00e7\u00e3o mensal da PNAD COVID19, divulgada pelo IBGE. Em agosto, 17,9 milh\u00f5es haviam feito o teste e 3,9 milh\u00f5es receberam [&hellip;]<\/p>\n","protected":false},"author":96,"featured_media":171755,"comment_status":"closed","ping_status":"closed","sticky":false,"template":"","format":"standard","meta":{"footnotes":""},"categories":[302,436,439],"tags":[],"class_list":["post-171754","post","type-post","status-publish","format-standard","has-post-thumbnail","hentry","category-brasil-mundo","category-destaque-da-semana","category-ultima-hora"],"_links":{"self":[{"href":"https:\/\/diarioregionaldigital.com.br\/index.php?rest_route=\/wp\/v2\/posts\/171754","targetHints":{"allow":["GET"]}}],"collection":[{"href":"https:\/\/diarioregionaldigital.com.br\/index.php?rest_route=\/wp\/v2\/posts"}],"about":[{"href":"https:\/\/diarioregionaldigital.com.br\/index.php?rest_route=\/wp\/v2\/types\/post"}],"author":[{"embeddable":true,"href":"https:\/\/diarioregionaldigital.com.br\/index.php?rest_route=\/wp\/v2\/users\/96"}],"replies":[{"embeddable":true,"href":"https:\/\/diarioregionaldigital.com.br\/index.php?rest_route=%2Fwp%2Fv2%2Fcomments&post=171754"}],"version-history":[{"count":0,"href":"https:\/\/diarioregionaldigital.com.br\/index.php?rest_route=\/wp\/v2\/posts\/171754\/revisions"}],"wp:featuredmedia":[{"embeddable":true,"href":"https:\/\/diarioregionaldigital.com.br\/index.php?rest_route=\/wp\/v2\/media\/171755"}],"wp:attachment":[{"href":"https:\/\/diarioregionaldigital.com.br\/index.php?rest_route=%2Fwp%2Fv2%2Fmedia&parent=171754"}],"wp:term":[{"taxonomy":"category","embeddable":true,"href":"https:\/\/diarioregionaldigital.com.br\/index.php?rest_route=%2Fwp%2Fv2%2Fcategories&post=171754"},{"taxonomy":"post_tag","embeddable":true,"href":"https:\/\/diarioregionaldigital.com.br\/index.php?rest_route=%2Fwp%2Fv2%2Ftags&post=171754"}],"curies":[{"name":"wp","href":"https:\/\/api.w.org\/{rel}","templated":true}]}}