{"id":171752,"date":"2020-10-26T14:26:03","date_gmt":"2020-10-26T17:26:03","guid":{"rendered":"https:\/\/diarioregionaldigital.com.br\/?p=171752"},"modified":"2020-10-26T14:26:03","modified_gmt":"2020-10-26T17:26:03","slug":"covid-19-minas-gerais-acumula-349-512-casos-e-8-779-mortes","status":"publish","type":"post","link":"https:\/\/diarioregionaldigital.com.br\/?p=171752","title":{"rendered":"Covid-19: Minas Gerais acumula 349.512 casos e 8.779 mortes"},"content":{"rendered":"<p>O novo\u00a0<a href=\"https:\/\/www.saude.mg.gov.br\/images\/noticias_e_eventos\/000_2020\/Boletins_Corona\/26.10Boletim-Epidemiologico_COVID-19__26.10.2020.pdf\">boletim epidemiol\u00f3gico<\/a> publicado nesta segunda-feira (26), pela Secretaria de Estado da Sa\u00fade de Minas Gerais (SES-MG), informa que nas \u00faltimas 24h, foram notificadas mais 708 novos casso de Coronav\u00edrus. No acumulado, s\u00e3o 349.512 pessoas infectadas.<\/p>\n<p>Al\u00e9m disso, foram registrados mais 9 mortes pela doen\u00e7a, totalizando 8.779 \u00f3bitos. Os dados indicam que 4.989 v\u00edtimas s\u00e3o do sexo masculino e 3.790 s\u00e3o do feminino.<\/p>\n<p>Al\u00e9m disso, 318.216 pacientes est\u00e3o recuperados da doen\u00e7a, representando 91% dos casos e 22.517 fazem acompanhamento m\u00e9dico. Quanto aos dados de hospitaliza\u00e7\u00e3o, 35.033 pessoas est\u00e3o internadas e 314.479 est\u00e3o em isolamento domiciliar.<\/p>\n<div><\/div>\n<div class=\"the_champ_sharing_container the_champ_horizontal_sharing\"><\/div>\n","protected":false},"excerpt":{"rendered":"<p>O novo\u00a0boletim epidemiol\u00f3gico publicado nesta segunda-feira (26), pela Secretaria de Estado da Sa\u00fade de Minas Gerais (SES-MG), informa que nas \u00faltimas 24h, foram notificadas mais 708 novos casso de Coronav\u00edrus. No acumulado, s\u00e3o 349.512 pessoas infectadas. Al\u00e9m disso, foram registrados mais 9 mortes pela doen\u00e7a, totalizando 8.779 \u00f3bitos. Os dados indicam que 4.989 v\u00edtimas s\u00e3o [&hellip;]<\/p>\n","protected":false},"author":96,"featured_media":158770,"comment_status":"closed","ping_status":"closed","sticky":false,"template":"","format":"standard","meta":{"footnotes":""},"categories":[436,440,252,439],"tags":[],"class_list":["post-171752","post","type-post","status-publish","format-standard","has-post-thumbnail","hentry","category-destaque-da-semana","category-destaques-do-dia","category-regiao","category-ultima-hora"],"_links":{"self":[{"href":"https:\/\/diarioregionaldigital.com.br\/index.php?rest_route=\/wp\/v2\/posts\/171752","targetHints":{"allow":["GET"]}}],"collection":[{"href":"https:\/\/diarioregionaldigital.com.br\/index.php?rest_route=\/wp\/v2\/posts"}],"about":[{"href":"https:\/\/diarioregionaldigital.com.br\/index.php?rest_route=\/wp\/v2\/types\/post"}],"author":[{"embeddable":true,"href":"https:\/\/diarioregionaldigital.com.br\/index.php?rest_route=\/wp\/v2\/users\/96"}],"replies":[{"embeddable":true,"href":"https:\/\/diarioregionaldigital.com.br\/index.php?rest_route=%2Fwp%2Fv2%2Fcomments&post=171752"}],"version-history":[{"count":0,"href":"https:\/\/diarioregionaldigital.com.br\/index.php?rest_route=\/wp\/v2\/posts\/171752\/revisions"}],"wp:featuredmedia":[{"embeddable":true,"href":"https:\/\/diarioregionaldigital.com.br\/index.php?rest_route=\/wp\/v2\/media\/158770"}],"wp:attachment":[{"href":"https:\/\/diarioregionaldigital.com.br\/index.php?rest_route=%2Fwp%2Fv2%2Fmedia&parent=171752"}],"wp:term":[{"taxonomy":"category","embeddable":true,"href":"https:\/\/diarioregionaldigital.com.br\/index.php?rest_route=%2Fwp%2Fv2%2Fcategories&post=171752"},{"taxonomy":"post_tag","embeddable":true,"href":"https:\/\/diarioregionaldigital.com.br\/index.php?rest_route=%2Fwp%2Fv2%2Ftags&post=171752"}],"curies":[{"name":"wp","href":"https:\/\/api.w.org\/{rel}","templated":true}]}}