{"id":171749,"date":"2020-10-25T22:32:13","date_gmt":"2020-10-26T01:32:13","guid":{"rendered":"https:\/\/diarioregionaldigital.com.br\/?p=171749"},"modified":"2020-10-25T22:32:13","modified_gmt":"2020-10-26T01:32:13","slug":"hamilton-vence-em-algarve-e-se-torna-maior-recordista-de-vitorias-na-f1","status":"publish","type":"post","link":"https:\/\/diarioregionaldigital.com.br\/?p=171749","title":{"rendered":"Hamilton vence em Algarve e se torna maior recordista de vit\u00f3rias na F1"},"content":{"rendered":"<p>O <a href=\"https:\/\/www.formula1.com\/en\/latest\/article.race-highlights-watch-all-the-action-as-hamilton-takes-a-record-92nd-win-in.2w8bNaxoH94jcSW97qVLfo.html\">GP de Portugal<\/a>, realizado no Circuito de Algarve, foi palco de uma grande corrida e acima de tudo, um momento hist\u00f3rico: a vit\u00f3ria de n\u00famero 92 na carreira de Lewis Hamilton. Com o triunfo no circuito portugu\u00eas, o atual hexacampe\u00e3o do mundo passa a ser o maior recordista de vit\u00f3rias na categoria. O in\u00edcio da prova no entanto, foi complicado para o piloto ingl\u00eas, na largada perdeu a lideran\u00e7a para Valtteri Bottas e tamb\u00e9m o segundo lugar para Carlos Sainz. Mesmo assim se recuperou e antes da metade da prova, assumiu a ponta e manteve at\u00e9 o fim.<\/p>\n<p>Bottas levou sua Mercedes ao segundo lugar e Max Verstappen completou o p\u00f3dio na terceira posi\u00e7\u00e3o. Tamb\u00e9m marcaram pontos, da quarta \u00e0 d\u00e9cima coloca\u00e7\u00f5es, Charles Leclerc (Ferrari), Pierre Gasly (AlphaTauri), Carlos Sainz (McLaren), Sergio Perez(Racing Point), Esteban Ocon (Renault), Daniel Ricciardo (Renault) e Sebastian Vettel (Ferrari).<\/p>\n<p>Na classifica\u00e7\u00e3o do campeonato, Hamilton dispara na lideran\u00e7a com 256 pontos. Valtteri Bottas permanece na vice-lideran\u00e7a com 179 e Max Vertappen \u00e9 o terceiro com 162. J\u00e1 na tabela de construtores, a Mercedes lidera com 435 pontos e se aproxima do hexacampeonato. Red Bull continua segundo com 226 e a Racing Point na terceira posi\u00e7\u00e3o com 126. A pr\u00f3xima etapa da F1 ser\u00e1 no dia 1\u00ba de novembro, no Circuito de \u00cdmola em San Marino.<\/p>\n<p><img decoding=\"async\" src=\"https:\/\/s2.glbimg.com\/G_eUkeilNdsEGo1RQt7Lnz4gEEk=\/0x0:1024x576\/984x0\/smart\/filters:strip_icc()\/i.s3.glbimg.com\/v1\/AUTH_bc8228b6673f488aa253bbcb03c80ec5\/internal_photos\/bs\/2020\/D\/U\/BQvlq9TKAWynqueToELg\/ellrsj9xiaiduwq.jpg\" alt=\"Resultado final do GP de Portugal de F\u00f3rmula 1 \u2014 Foto: Reprodu\u00e7\u00e3o\/FOM\" \/><\/p>\n","protected":false},"excerpt":{"rendered":"<p>O GP de Portugal, realizado no Circuito de Algarve, foi palco de uma grande corrida e acima de tudo, um momento hist\u00f3rico: a vit\u00f3ria de n\u00famero 92 na carreira de Lewis Hamilton. Com o triunfo no circuito portugu\u00eas, o atual hexacampe\u00e3o do mundo passa a ser o maior recordista de vit\u00f3rias na categoria. O in\u00edcio [&hellip;]<\/p>\n","protected":false},"author":96,"featured_media":171750,"comment_status":"closed","ping_status":"closed","sticky":false,"template":"","format":"standard","meta":{"footnotes":""},"categories":[436,257,439],"tags":[],"class_list":["post-171749","post","type-post","status-publish","format-standard","has-post-thumbnail","hentry","category-destaque-da-semana","category-esporte","category-ultima-hora"],"_links":{"self":[{"href":"https:\/\/diarioregionaldigital.com.br\/index.php?rest_route=\/wp\/v2\/posts\/171749","targetHints":{"allow":["GET"]}}],"collection":[{"href":"https:\/\/diarioregionaldigital.com.br\/index.php?rest_route=\/wp\/v2\/posts"}],"about":[{"href":"https:\/\/diarioregionaldigital.com.br\/index.php?rest_route=\/wp\/v2\/types\/post"}],"author":[{"embeddable":true,"href":"https:\/\/diarioregionaldigital.com.br\/index.php?rest_route=\/wp\/v2\/users\/96"}],"replies":[{"embeddable":true,"href":"https:\/\/diarioregionaldigital.com.br\/index.php?rest_route=%2Fwp%2Fv2%2Fcomments&post=171749"}],"version-history":[{"count":0,"href":"https:\/\/diarioregionaldigital.com.br\/index.php?rest_route=\/wp\/v2\/posts\/171749\/revisions"}],"wp:featuredmedia":[{"embeddable":true,"href":"https:\/\/diarioregionaldigital.com.br\/index.php?rest_route=\/wp\/v2\/media\/171750"}],"wp:attachment":[{"href":"https:\/\/diarioregionaldigital.com.br\/index.php?rest_route=%2Fwp%2Fv2%2Fmedia&parent=171749"}],"wp:term":[{"taxonomy":"category","embeddable":true,"href":"https:\/\/diarioregionaldigital.com.br\/index.php?rest_route=%2Fwp%2Fv2%2Fcategories&post=171749"},{"taxonomy":"post_tag","embeddable":true,"href":"https:\/\/diarioregionaldigital.com.br\/index.php?rest_route=%2Fwp%2Fv2%2Ftags&post=171749"}],"curies":[{"name":"wp","href":"https:\/\/api.w.org\/{rel}","templated":true}]}}