{"id":171731,"date":"2020-10-25T06:00:11","date_gmt":"2020-10-25T09:00:11","guid":{"rendered":"https:\/\/diarioregionaldigital.com.br\/?p=171731"},"modified":"2020-10-28T02:20:12","modified_gmt":"2020-10-28T05:20:12","slug":"prefeitura-municipal-de-tocantins-processo-no128-25-10-2020","status":"publish","type":"post","link":"https:\/\/diarioregionaldigital.com.br\/?p=171731","title":{"rendered":"Prefeitura Municipal de Tocantins &#8211; Processo n\u00ba128 &#8211; 25\/10\/2020"},"content":{"rendered":"<p style=\"text-align: center;\"><strong>PREFEITURA MUNICIPAL DE TOCANTINS\/MG<\/strong><\/p>\n<p style=\"text-align: center;\"><strong>CHAMAMENTO P\u00daBLICO<\/strong><\/p>\n<p style=\"text-align: center;\"><strong>Processo \u00a0n\u00b0128\/2020<\/strong><\/p>\n<p style=\"text-align: center;\"><strong>CHAMAMENTO P\u00daBLICO n\u00b0006\/2020<\/strong><\/p>\n<p style=\"text-align: center;\">O Munic\u00edpio de TOCANTINS-MG, na forma da lei, faz saber a todos os interessados que far\u00e1 chamamento p\u00fablico, tendo como objeto:\u00a0Chamamento P\u00fablico, na modalidade Termo de Colabora\u00e7\u00e3o, para celebra\u00e7\u00e3o de parceria de interesse p\u00fablico nas condi\u00e7\u00f5es fixadas no edital e seus anexos, SELE\u00c7\u00c3O DE PROJETOS SOCIAIS DE RELEV\u00c2NCIA SOCIAL, DESTINADOS AO MUNIC\u00cdPIO DE TOCANTINS, respeitando os princ\u00edpios da transpar\u00eancia, isonomia, legalidade, moralidade, impessoalidade, publicidade, efici\u00eancia, equil\u00edbrio e gratuidade de acordo com a Lei Federal n\u00ba 13.019\/2014, de 31\/07\/2014 e da Lei Municipal n\u00b0 632\/2019 que disponibiliza valores para subven\u00e7\u00f5es sociais\u00a0 no exerc\u00edcio de 2020, no que se refere \u00e0 entidades cadastradas no C.M.A.S, da Portaria Municipal n\u00ba 107\/2020, de 25\/06\/2020, e demais legisla\u00e7\u00f5es aplic\u00e1veis,\u00a0Atendendo as necessidas da Secretaria de Desenvolvimento e Assist\u00eancia Social \u2013 SMDAS do Munic\u00edpio de Tocantins\/MG, cuja\u00a0<strong>sess\u00e3o p\u00fablica se dar\u00e1 no dia\u00a024\/11\/2020 as 08:00 horas\u00a0<\/strong>na sala da comiss\u00e3o de licita\u00e7\u00e3o, localizada na Av. Padre Mac\u00e1rio, n\u00b0 129, bairro Centro, Munic\u00edpio de TOCANTINS\/MG. O edital completo encontra-se a disposi\u00e7\u00e3o dos interessados no endere\u00e7o citado anteriormente, no hor\u00e1rio de expediente de 08:00 as 11:00 e ou endere\u00e7o eletr\u00f4nico\u00a0<a href=\"http:\/\/tocantins.mg.gov.br\/\">http:\/\/tocantins.mg.gov.br\/<\/a>.\u00a0TOCANTINS, 23 de outubro de 2020.<\/p>\n<p style=\"text-align: center;\">_________________________________________<\/p>\n<p style=\"text-align: center;\"><strong>Luiz Fernando Barbosa da Silva<\/strong><\/p>\n<p style=\"text-align: center;\"><strong>\u00a0Presidente Comiss\u00e3o<\/strong><\/p>\n","protected":false},"excerpt":{"rendered":"<p>PREFEITURA MUNICIPAL DE TOCANTINS\/MG CHAMAMENTO P\u00daBLICO Processo \u00a0n\u00b0128\/2020 CHAMAMENTO P\u00daBLICO n\u00b0006\/2020 O Munic\u00edpio de TOCANTINS-MG, na forma da lei, faz saber a todos os interessados que far\u00e1 chamamento p\u00fablico, tendo como objeto:\u00a0Chamamento P\u00fablico, na modalidade Termo de Colabora\u00e7\u00e3o, para celebra\u00e7\u00e3o de parceria de interesse p\u00fablico nas condi\u00e7\u00f5es fixadas no edital e seus anexos, SELE\u00c7\u00c3O DE [&hellip;]<\/p>\n","protected":false},"author":96,"featured_media":0,"comment_status":"closed","ping_status":"closed","sticky":false,"template":"","format":"standard","meta":{"footnotes":""},"categories":[307],"tags":[],"class_list":["post-171731","post","type-post","status-publish","format-standard","hentry","category-editais"],"_links":{"self":[{"href":"https:\/\/diarioregionaldigital.com.br\/index.php?rest_route=\/wp\/v2\/posts\/171731","targetHints":{"allow":["GET"]}}],"collection":[{"href":"https:\/\/diarioregionaldigital.com.br\/index.php?rest_route=\/wp\/v2\/posts"}],"about":[{"href":"https:\/\/diarioregionaldigital.com.br\/index.php?rest_route=\/wp\/v2\/types\/post"}],"author":[{"embeddable":true,"href":"https:\/\/diarioregionaldigital.com.br\/index.php?rest_route=\/wp\/v2\/users\/96"}],"replies":[{"embeddable":true,"href":"https:\/\/diarioregionaldigital.com.br\/index.php?rest_route=%2Fwp%2Fv2%2Fcomments&post=171731"}],"version-history":[{"count":0,"href":"https:\/\/diarioregionaldigital.com.br\/index.php?rest_route=\/wp\/v2\/posts\/171731\/revisions"}],"wp:attachment":[{"href":"https:\/\/diarioregionaldigital.com.br\/index.php?rest_route=%2Fwp%2Fv2%2Fmedia&parent=171731"}],"wp:term":[{"taxonomy":"category","embeddable":true,"href":"https:\/\/diarioregionaldigital.com.br\/index.php?rest_route=%2Fwp%2Fv2%2Fcategories&post=171731"},{"taxonomy":"post_tag","embeddable":true,"href":"https:\/\/diarioregionaldigital.com.br\/index.php?rest_route=%2Fwp%2Fv2%2Ftags&post=171731"}],"curies":[{"name":"wp","href":"https:\/\/api.w.org\/{rel}","templated":true}]}}