{"id":171725,"date":"2020-10-23T19:48:11","date_gmt":"2020-10-23T22:48:11","guid":{"rendered":"https:\/\/diarioregionaldigital.com.br\/?p=171725"},"modified":"2020-10-23T19:48:11","modified_gmt":"2020-10-23T22:48:11","slug":"brasil-apresenta-queda-de-194-nos-registros-de-novos-casos","status":"publish","type":"post","link":"https:\/\/diarioregionaldigital.com.br\/?p=171725","title":{"rendered":"Brasil apresenta queda de 19,4% nos registros de novos casos"},"content":{"rendered":"<p>O Brasil mant\u00e9m tend\u00eancia na redu\u00e7\u00e3o de novos casos e \u00f3bitos pela Covid-19. Dados do Boletim Epidemiol\u00f3gico n\u00ba 36 do Minist\u00e9rio da Sa\u00fade, apontam queda de 19,4% (20.246) nos registros de novos casos no pa\u00eds entre a semana de 11 a 17 de outubro, comparada a semana anterior\u00a0(25.115).\u00a0A queda se estende ainda para os registros de \u00f3bitos causados pela doen\u00e7a no mesmo per\u00edodo. De acordo com o novo boletim, o pa\u00eds apresentou redu\u00e7\u00e3o de\u00a017,5% na semana entre 11 e 17 de outubro, passando de 602 para 497 registros.<\/p>\n<p class=\"Default\">Em rela\u00e7\u00e3o ao n\u00famero de casos,\u00a016 estados brasileiros\u00a0(AM, PA, MA, CE, PB, PE, AL, TO, RO, MT, MS, GO, RJ, MG, SP e RS) apresentaram redu\u00e7\u00e3o de, em m\u00e9dia,\u00a019% nos registros, de acordo com o novo boletim. A m\u00e9dia di\u00e1ria de casos novos registrados foi de\u00a020.246, inferior \u00e0 m\u00e9dia apresentada na semana anterior de\u00a025.115 casos.<\/p>\n<p>Sobre o registro de novos \u00f3bitos, foi observada uma redu\u00e7\u00e3o em 17 estados (AC, AP, PA, MT, MA, TO, GO, MS, PE, BA, MG, ES, RJ, SP, PR, SC e RS), al\u00e9m de estabiliza\u00e7\u00e3o em cinco estados (RO, CE, PB, AL e SE). O boletim\u00a0apontou queda de 17,5%, o equivalente a\u00a0737 registros de novos \u00f3bitos. Os dados t\u00eam demonstrado tend\u00eancia de redu\u00e7\u00e3o ao longo das \u00faltimas semanas, apresentando uma m\u00e9dia de\u00a0497 \u00f3bitos por dia.<\/p>\n<p><b>Vigil\u00e2ncia Laboratorial<\/b><\/p>\n<p>Desde o in\u00edcio da pandemia, em mar\u00e7o de 2020, o diagn\u00f3stico laboratorial se destacou como uma ferramenta essencial para confirmar os casos e, principalmente, para orientar estrat\u00e9gias de aten\u00e7\u00e3o \u00e0 sa\u00fade, isolamento e biosseguran\u00e7a para profissionais de sa\u00fade. De acordo com o secret\u00e1rio de Vigil\u00e2ncia em Sa\u00fade, Arnaldo Medeiros, o Minist\u00e9rio da Sa\u00fade est\u00e1 realizando todas as a\u00e7\u00f5es necess\u00e1rias para garantir a continuidade das testagens nos estados.<\/p>\n<p>Entre as a\u00e7\u00f5es de enfrentamento \u00e0 Covid-19, a pasta lan\u00e7ou o Programa Diagnosticar para Cuidar que busca a a\u00e7\u00e3o integrada da Vigil\u00e2ncia em Sa\u00fade e da Aten\u00e7\u00e3o Prim\u00e1ria e Especializada \u00e0 Sa\u00fade para identificar e tratar precocemente os casos de S\u00edndrome Gripal &#8211; SG e S\u00edndrome Respirat\u00f3ria Aguda Grave &#8211; SRAG e diagnosticar laboratorialmente a Covid-19. Al\u00e9m disso, foi ampliada a recomenda\u00e7\u00e3o de testagem para todos os casos suspeitos de Covid-19 e para profissionais de sa\u00fade.<\/p>\n<p>At\u00e9 17 de outubro, foram distribu\u00eddos mais\u00a0de 7,6 milh\u00f5es de testes RT-qPCR\u00a0para todos o pa\u00eds. J\u00e1 foram realizados mais de\u00a017 milh\u00f5es de exames para Covid-19, entre PCR e sorol\u00f3gicos. Nas \u00faltimas cinco semanas (Semanas Epidemiol\u00f3gicas 37 a 41) foram realizados uma m\u00e9dia de\u00a0215 mil exames por semana, o que representa mais de\u00a030 mil exames por dia.<\/p>\n<p><strong>Fonte:\u00a0<\/strong>Assessoria<\/p>\n","protected":false},"excerpt":{"rendered":"<p>O Brasil mant\u00e9m tend\u00eancia na redu\u00e7\u00e3o de novos casos e \u00f3bitos pela Covid-19. Dados do Boletim Epidemiol\u00f3gico n\u00ba 36 do Minist\u00e9rio da Sa\u00fade, apontam queda de 19,4% (20.246) nos registros de novos casos no pa\u00eds entre a semana de 11 a 17 de outubro, comparada a semana anterior\u00a0(25.115).\u00a0A queda se estende ainda para os registros [&hellip;]<\/p>\n","protected":false},"author":96,"featured_media":169634,"comment_status":"closed","ping_status":"closed","sticky":false,"template":"","format":"standard","meta":{"footnotes":""},"categories":[302,436,439],"tags":[],"class_list":["post-171725","post","type-post","status-publish","format-standard","has-post-thumbnail","hentry","category-brasil-mundo","category-destaque-da-semana","category-ultima-hora"],"_links":{"self":[{"href":"https:\/\/diarioregionaldigital.com.br\/index.php?rest_route=\/wp\/v2\/posts\/171725","targetHints":{"allow":["GET"]}}],"collection":[{"href":"https:\/\/diarioregionaldigital.com.br\/index.php?rest_route=\/wp\/v2\/posts"}],"about":[{"href":"https:\/\/diarioregionaldigital.com.br\/index.php?rest_route=\/wp\/v2\/types\/post"}],"author":[{"embeddable":true,"href":"https:\/\/diarioregionaldigital.com.br\/index.php?rest_route=\/wp\/v2\/users\/96"}],"replies":[{"embeddable":true,"href":"https:\/\/diarioregionaldigital.com.br\/index.php?rest_route=%2Fwp%2Fv2%2Fcomments&post=171725"}],"version-history":[{"count":0,"href":"https:\/\/diarioregionaldigital.com.br\/index.php?rest_route=\/wp\/v2\/posts\/171725\/revisions"}],"wp:featuredmedia":[{"embeddable":true,"href":"https:\/\/diarioregionaldigital.com.br\/index.php?rest_route=\/wp\/v2\/media\/169634"}],"wp:attachment":[{"href":"https:\/\/diarioregionaldigital.com.br\/index.php?rest_route=%2Fwp%2Fv2%2Fmedia&parent=171725"}],"wp:term":[{"taxonomy":"category","embeddable":true,"href":"https:\/\/diarioregionaldigital.com.br\/index.php?rest_route=%2Fwp%2Fv2%2Fcategories&post=171725"},{"taxonomy":"post_tag","embeddable":true,"href":"https:\/\/diarioregionaldigital.com.br\/index.php?rest_route=%2Fwp%2Fv2%2Ftags&post=171725"}],"curies":[{"name":"wp","href":"https:\/\/api.w.org\/{rel}","templated":true}]}}