{"id":171722,"date":"2020-10-23T19:43:51","date_gmt":"2020-10-23T22:43:51","guid":{"rendered":"https:\/\/diarioregionaldigital.com.br\/?p=171722"},"modified":"2020-10-23T19:43:51","modified_gmt":"2020-10-23T22:43:51","slug":"covid-19-brasil-tem-535-milhoes-de-casos-e-1564-mil-mortes","status":"publish","type":"post","link":"https:\/\/diarioregionaldigital.com.br\/?p=171722","title":{"rendered":"Covid-19: Brasil tem 5,35 milh\u00f5es de casos e 156,4 mil mortes"},"content":{"rendered":"<p>O n\u00famero de pessoas infectadas com o novo coronav\u00edrus desde o in\u00edcio da pandemia chegou a 5.353.656 no Brasil. Nas \u00faltimas 24 horas, foram registrados 30.026 novos casos. Ontem, o total estava em 5.323.630.\u00a0<img decoding=\"async\" src=\"https:\/\/agenciabrasil.ebc.com.br\/ebc.png?id=1391437&amp;o=node\" \/><img decoding=\"async\" src=\"https:\/\/agenciabrasil.ebc.com.br\/ebc.gif?id=1391437&amp;o=node\" \/><\/p>\n<p>J\u00e1 o n\u00famero de mortes em decorr\u00eancia da covid-19 atingiu 156.471. Ontem, o sistema de dados sobre a pandemia marcava 155.900 \u00f3bitos gerados pela doen\u00e7a. Ainda h\u00e1 2.374 falecimentos em investiga\u00e7\u00e3o.<\/p>\n<p>Ainda h\u00e1 399.313 casos em acompanhamento. De acordo com o Minist\u00e9rio da Sa\u00fade,\u00a04.797.872 pessoas j\u00e1 se recuperaram da doen\u00e7a.<\/p>\n<p>Os dados est\u00e3o na atualiza\u00e7\u00e3o di\u00e1ria do Minist\u00e9rio da Sa\u00fade, divulgada na noite desta sexta-feira (23). O balan\u00e7o \u00e9 feito a partir de registros reunidos pelas secretarias estaduais de sa\u00fade e enviados \u00e0 pasta para consolida\u00e7\u00e3o.<\/p>\n<p>Hoje o \u00f3rg\u00e3o divulgou tamb\u00e9m o Boletim Epidemiol\u00f3gico, que trouxe uma queda tanto nos casos quanto nas mortes na \u00faltima semana epidemiol\u00f3gica em compara\u00e7\u00e3o com a anterior.<\/p>\n<h2>Estados<\/h2>\n<p>Os estados com mais mortes s\u00e3o S\u00e3o Paulo (38.608), Rio de Janeiro (20.115), Cear\u00e1 (9.244), Minas Gerais (8.686) e Pernambuco (8.531). Com os n\u00fameros de hoje, Minas Gerais ultrapassou estado de Pernambuco e se tornou a quarta maior Unidade da Federa\u00e7\u00e3o em n\u00famero de mortes no pa\u00eds. As Unidades da Federa\u00e7\u00e3o com menos casos s\u00e3o Acre (686), Roraima (691), Amap\u00e1 (740), Tocantins (1.078) e Mato Grosso do Sul (1.538).<\/p>\n<h2>S\u00e3o Paulo<\/h2>\n<p>O estado de S\u00e3o Paulo registra 1.083.641 casos confirmados do novo coronav\u00edrus. Dentre os casos diagnosticados, 965.971 pessoas j\u00e1 est\u00e3o recuperadas da doen\u00e7a.<\/p>\n<p>H\u00e1, neste momento, 7.106 pessoas internadas em todo o estado em casos suspeitos ou confirmados do novo coronav\u00edrus. Desse total, 3.128 pessoas est\u00e3o internadas em unidades de terapia intensiva (UTI). A taxa de ocupa\u00e7\u00e3o de leitos de UTI no estado \u00e9, atualmente, a mais baixa desde o in\u00edcio da pandemia do novo coronav\u00edrus: 39,9%. Na Grande S\u00e3o Paulo, a taxa \u00e9 de 40,2%.<\/p>\n<p><strong>Fonte:\u00a0<\/strong>Ag\u00eancia Brasil<\/p>\n","protected":false},"excerpt":{"rendered":"<p>O n\u00famero de pessoas infectadas com o novo coronav\u00edrus desde o in\u00edcio da pandemia chegou a 5.353.656 no Brasil. Nas \u00faltimas 24 horas, foram registrados 30.026 novos casos. Ontem, o total estava em 5.323.630.\u00a0 J\u00e1 o n\u00famero de mortes em decorr\u00eancia da covid-19 atingiu 156.471. Ontem, o sistema de dados sobre a pandemia marcava 155.900 [&hellip;]<\/p>\n","protected":false},"author":96,"featured_media":171723,"comment_status":"closed","ping_status":"closed","sticky":false,"template":"","format":"standard","meta":{"footnotes":""},"categories":[302,436,439],"tags":[],"class_list":["post-171722","post","type-post","status-publish","format-standard","has-post-thumbnail","hentry","category-brasil-mundo","category-destaque-da-semana","category-ultima-hora"],"_links":{"self":[{"href":"https:\/\/diarioregionaldigital.com.br\/index.php?rest_route=\/wp\/v2\/posts\/171722","targetHints":{"allow":["GET"]}}],"collection":[{"href":"https:\/\/diarioregionaldigital.com.br\/index.php?rest_route=\/wp\/v2\/posts"}],"about":[{"href":"https:\/\/diarioregionaldigital.com.br\/index.php?rest_route=\/wp\/v2\/types\/post"}],"author":[{"embeddable":true,"href":"https:\/\/diarioregionaldigital.com.br\/index.php?rest_route=\/wp\/v2\/users\/96"}],"replies":[{"embeddable":true,"href":"https:\/\/diarioregionaldigital.com.br\/index.php?rest_route=%2Fwp%2Fv2%2Fcomments&post=171722"}],"version-history":[{"count":0,"href":"https:\/\/diarioregionaldigital.com.br\/index.php?rest_route=\/wp\/v2\/posts\/171722\/revisions"}],"wp:featuredmedia":[{"embeddable":true,"href":"https:\/\/diarioregionaldigital.com.br\/index.php?rest_route=\/wp\/v2\/media\/171723"}],"wp:attachment":[{"href":"https:\/\/diarioregionaldigital.com.br\/index.php?rest_route=%2Fwp%2Fv2%2Fmedia&parent=171722"}],"wp:term":[{"taxonomy":"category","embeddable":true,"href":"https:\/\/diarioregionaldigital.com.br\/index.php?rest_route=%2Fwp%2Fv2%2Fcategories&post=171722"},{"taxonomy":"post_tag","embeddable":true,"href":"https:\/\/diarioregionaldigital.com.br\/index.php?rest_route=%2Fwp%2Fv2%2Ftags&post=171722"}],"curies":[{"name":"wp","href":"https:\/\/api.w.org\/{rel}","templated":true}]}}