{"id":171694,"date":"2020-10-23T18:03:07","date_gmt":"2020-10-23T21:03:07","guid":{"rendered":"https:\/\/diarioregionaldigital.com.br\/?p=171694"},"modified":"2020-10-23T18:03:07","modified_gmt":"2020-10-23T21:03:07","slug":"pism-2021-conheca-o-programa-de-assistencia-estudantil-da-ufjf","status":"publish","type":"post","link":"https:\/\/diarioregionaldigital.com.br\/?p=171694","title":{"rendered":"Pism 2021: conhe\u00e7a o Programa de Assist\u00eancia Estudantil da UFJF"},"content":{"rendered":"<p>Com as inscri\u00e7\u00f5es para o\u00a0<a href=\"https:\/\/www2.ufjf.br\/copese\/vestibular-pism-2\/pism-2021\/\">Programa de Ingresso Seletivo Misto (Pism)<\/a>\u00a02021 abertas, muito candidatos t\u00eam d\u00favidas sobre as condi\u00e7\u00f5es de perman\u00eancia na Universidade Federal de Juiz de Fora (UFJF). O estudante que conseguir uma vaga na UFJF, mas enfrenta dificuldades para se manter na Institui\u00e7\u00e3o pode participar do Programa de Bolsas e Assist\u00eancia Estudantil.<\/p>\n<p>Para entender como funciona o processo, o interessado deve ler com aten\u00e7\u00e3o a\u00a0<a href=\"https:\/\/www2.ufjf.br\/proae\/wp-content\/uploads\/sites\/57\/2020\/03\/PORTARIA-PROAE-N%C2%BA-01-2020.pdf\">Portaria que rege o Apoio Estudantil na UFJF<\/a>. O p\u00fablico alvo \u00e9 formado por alunos regularmente matriculados na primeira gradua\u00e7\u00e3o, que se enquadram no perfil socioecon\u00f4mico determinado, com renda\u00a0<i>per capta<\/i>\u00a0familiar de at\u00e9 1,5 sal\u00e1rios m\u00ednimos por m\u00eas.<\/p>\n<p>Uma vez aprovado e matriculado na UFJF, o primeiro passo para solicitar qualquer apoio \u00e9 acessar o\u00a0<a href=\"https:\/\/siga.ufjf.br\/\">Sistema Integrado de Gest\u00e3o Acad\u00eamica (Siga 3)<\/a>\u00a0e preencher o formul\u00e1rio socioecon\u00f4mico. Depois, o documento deve ser impresso e assinado pelo estudante. \u00c9 necess\u00e1rio ainda imprimir o comprovante de matr\u00edcula e<a href=\"https:\/\/www2.ufjf.br\/proae\/editais\/2016-fluxo-continuo\/\">\u00a0providenciar uma lista de documentos pessoais e de membros do n\u00facleo familiar<\/a>, mesmo que o aluno n\u00e3o resida mais com a fam\u00edlia.<\/p>\n<p>A\u00a0<a href=\"https:\/\/www2.ufjf.br\/proae\/\">Pr\u00f3-Reitoria de Assist\u00eancia Estudantil (Proae)<\/a>\u00a0far\u00e1 a avalia\u00e7\u00e3o socioecon\u00f4mica do candidato, considerando, al\u00e9m da renda, bens, im\u00f3veis, ocupa\u00e7\u00e3o dos membros familiares, entre outros crit\u00e9rios. O resultado do pedido sai em at\u00e9 30 dias, e o aluno deve acompanhar o andamento do processo pelo\u00a0<a href=\"https:\/\/siga.ufjf.br\/\">Siga<\/a>.\u00a0Caso o pedido seja aceito, o aluno ser\u00e1 direcionado a uma ou mais modalidades de assist\u00eancia, de acordo com seu perfil.<\/p>\n<p>Durante a suspens\u00e3o das atividades presenciais na UFJF em fun\u00e7\u00e3o da pandemia do novo coronav\u00edrus, para novos pedidos e documenta\u00e7\u00e3o pendente, o discente dever\u00e1 entrar em contato atrav\u00e9s do e-mail atendimentosocial.proae@ufjf.edu.br para orienta\u00e7\u00f5es sobre como proceder.<\/p>\n<p>Por meio do\u00a0Programa de Bolsas e Assist\u00eancia Estudantil, s\u00e3o oferecidas as seguintes modalidades de assist\u00eancia:<\/p>\n<p><b>Bolsa Pnaes<\/b><\/p>\n<p>Incentivo financeiro mensal, a bolsa do Plano Nacional de Assist\u00eancia Estudantil (Pnaes) tem valor de R$ 500, com vistas a ampliar o acesso \u00e0s condi\u00e7\u00f5es de perman\u00eancia na educa\u00e7\u00e3o superior.<\/p>\n<p><b>Bolsa Perman\u00eancia<\/b><\/p>\n<p>Concedido nos termos do Programa de Bolsa Perman\u00eancia do Minist\u00e9rio da Educa\u00e7\u00e3o, tem valor mensal de R$ 400. A bolsa Pnaes e a Bolsa Perman\u00eancia n\u00e3o podem ser acumuladas, por\u00e9m, \u00e9 permitido o ac\u00famulo da Bolsa Pnaes e da Bolsa Perman\u00eancia com os outros diferentes aux\u00edlios, de acordo com o perfil socioecon\u00f4mico do grupo familiar.<\/p>\n<p><b>Aux\u00edlio-moradia<\/b><\/p>\n<p>Pode ser oferecido em duas modalidades: vaga na Moradia Estudantil da UFJF ou incentivo financeiro mensal destinado a estudantes que, devido ao ingresso no ensino superior, residam ou venham a residir na cidade sede do campus no qual est\u00e1 matriculado e o grupo familiar seja residente em cidade distinta.<\/p>\n<p><b>Edif\u00edcio para Moradia Estudantil<\/b><\/p>\n<p>A Moradia Estudantil da UFJF possui dois pr\u00e9dios mistos, com alas masculinas e femininas e 113 alojamentos, no total. Al\u00e9m dos dormit\u00f3rios, as unidades t\u00eam salas de estudo, refeit\u00f3rios, banheiros, lavanderia, guarita e est\u00e3o localizadas a 500 metros do port\u00e3o da UFJF, no bairro S\u00e3o Pedro.<\/p>\n<p><b>Aux\u00edlio-transporte<\/b><\/p>\n<p>Trata-se de um incentivo financeiro mensal, destinado aos alunos que utilizam transporte coletivo municipal no deslocamento da resid\u00eancia ao respectivo campus universit\u00e1rio, durante os per\u00edodos letivos. O valor do aux\u00edlio varia, de acordo com o pre\u00e7o da passagem de transporte urbano municipal.<\/p>\n<p>Nesta modalidade, o incentivo poder\u00e1 ser concedido aos estudantes residentes em cidade distinta da sede do campus universit\u00e1rio, sendo considerado no c\u00e1lculo o valor do transporte urbano municipal, no deslocamento do centro da cidade ao respectivo campus, durante os per\u00edodos letivos.<\/p>\n<p><b>Aux\u00edlio-creche<\/b><\/p>\n<p>Esse apoio \u00e9 destinado ao custeio parcial das despesas com os dependentes legais do estudante, at\u00e9 o limite de idade de 5 anos, 11 meses e 29 dias, no valor de R$ 321 mensais. Caso ambos pais ou respons\u00e1veis legais sejam discentes da UFJF, apenas um far\u00e1 jus ao aux\u00edlio, o qual tamb\u00e9m n\u00e3o poder\u00e1 ser acumulado com benef\u00edcio da mesma esp\u00e9cie.<\/p>\n<p><b>Aux\u00edlio-alimenta\u00e7\u00e3o<\/b><\/p>\n<p>Nessa modalidade, o estudante tem acesso gratuito \u00e0s refei\u00e7\u00f5es oferecidas pelo Restaurante Universit\u00e1rio (RU).<\/p>\n<p><b>Restaurante Universit\u00e1rio<\/b><\/p>\n<p>A UFJF possui Restaurante Universit\u00e1rio (RU) em seus dois campi, destinados aos alunos e servidores. Em Juiz de Fora, s\u00e3o duas unidades, uma no centro da cidade e outra no campus, servindo uma m\u00e9dia de 5 mil refei\u00e7\u00f5es por dia. Para alunos e alunas, \u00e9 oferecido caf\u00e9 da manh\u00e3 (R$ 0,50), almo\u00e7o (R$ 1,40) e jantar (R$ 1,40). Para comprar os tickets, basta apresentar o cart\u00e3o de acesso ou carteira funcional da UFJF.<\/p>\n<p>Em virtude da pandemia do novo coronav\u00edrus, as unidades est\u00e3o fechadas para o p\u00fablico, sendo oferecida alimenta\u00e7\u00e3o embalada para estudantes em condi\u00e7\u00f5es de vulnerabilidade econ\u00f4mica.<\/p>\n<p><b>Apoio Psicol\u00f3gico e Pedag\u00f3gico<\/b><\/p>\n<p>A Pr\u00f3-reitoria de Assist\u00eancia Estudantil oferece atendimento psicol\u00f3gico, com profissionais dispostos a ouvir e orientar os alunos durante a experi\u00eancia universit\u00e1ria. Tamb\u00e9m conta com apoio pedag\u00f3gico, para ajud\u00e1-los em suas necessidades did\u00e1ticas e acad\u00eamicas. A lista completa de projetos pode ser acessada no\u00a0<a href=\"https:\/\/www2.ufjf.br\/proae\/\">site da Proae<\/a>.<\/p>\n<p><strong>Fonte:\u00a0<\/strong>Assessoria<\/p>\n","protected":false},"excerpt":{"rendered":"<p>Com as inscri\u00e7\u00f5es para o\u00a0Programa de Ingresso Seletivo Misto (Pism)\u00a02021 abertas, muito candidatos t\u00eam d\u00favidas sobre as condi\u00e7\u00f5es de perman\u00eancia na Universidade Federal de Juiz de Fora (UFJF). O estudante que conseguir uma vaga na UFJF, mas enfrenta dificuldades para se manter na Institui\u00e7\u00e3o pode participar do Programa de Bolsas e Assist\u00eancia Estudantil. Para entender [&hellip;]<\/p>\n","protected":false},"author":96,"featured_media":171695,"comment_status":"closed","ping_status":"closed","sticky":false,"template":"","format":"standard","meta":{"footnotes":""},"categories":[253,436,439],"tags":[],"class_list":["post-171694","post","type-post","status-publish","format-standard","has-post-thumbnail","hentry","category-cidade","category-destaque-da-semana","category-ultima-hora"],"_links":{"self":[{"href":"https:\/\/diarioregionaldigital.com.br\/index.php?rest_route=\/wp\/v2\/posts\/171694","targetHints":{"allow":["GET"]}}],"collection":[{"href":"https:\/\/diarioregionaldigital.com.br\/index.php?rest_route=\/wp\/v2\/posts"}],"about":[{"href":"https:\/\/diarioregionaldigital.com.br\/index.php?rest_route=\/wp\/v2\/types\/post"}],"author":[{"embeddable":true,"href":"https:\/\/diarioregionaldigital.com.br\/index.php?rest_route=\/wp\/v2\/users\/96"}],"replies":[{"embeddable":true,"href":"https:\/\/diarioregionaldigital.com.br\/index.php?rest_route=%2Fwp%2Fv2%2Fcomments&post=171694"}],"version-history":[{"count":0,"href":"https:\/\/diarioregionaldigital.com.br\/index.php?rest_route=\/wp\/v2\/posts\/171694\/revisions"}],"wp:featuredmedia":[{"embeddable":true,"href":"https:\/\/diarioregionaldigital.com.br\/index.php?rest_route=\/wp\/v2\/media\/171695"}],"wp:attachment":[{"href":"https:\/\/diarioregionaldigital.com.br\/index.php?rest_route=%2Fwp%2Fv2%2Fmedia&parent=171694"}],"wp:term":[{"taxonomy":"category","embeddable":true,"href":"https:\/\/diarioregionaldigital.com.br\/index.php?rest_route=%2Fwp%2Fv2%2Fcategories&post=171694"},{"taxonomy":"post_tag","embeddable":true,"href":"https:\/\/diarioregionaldigital.com.br\/index.php?rest_route=%2Fwp%2Fv2%2Ftags&post=171694"}],"curies":[{"name":"wp","href":"https:\/\/api.w.org\/{rel}","templated":true}]}}