{"id":171691,"date":"2020-10-23T18:00:04","date_gmt":"2020-10-23T21:00:04","guid":{"rendered":"https:\/\/diarioregionaldigital.com.br\/?p=171691"},"modified":"2020-10-23T18:00:04","modified_gmt":"2020-10-23T21:00:04","slug":"inscricoes-para-premio-janelas-abertas-terminam-nesta-segunda","status":"publish","type":"post","link":"https:\/\/diarioregionaldigital.com.br\/?p=171691","title":{"rendered":"Inscri\u00e7\u00f5es para Pr\u00eamio Janelas Abertas terminam nesta segunda"},"content":{"rendered":"<p>Terminam nesta segunda-feira, 26, as inscri\u00e7\u00f5es para o\u00a0<a href=\"http:\/\/www.premiojanelasabertas.com.br\/\">\u201cPr\u00eamio Janelas Abertas\u201d<\/a>\u00a0da Pr\u00f3-reitoria de Cultura (Procult) da Universidade Federal de Juiz de Fora (UFJF). A iniciativa visa apoiar projetos de diversas \u00e1reas art\u00edsticas e democratizar os espa\u00e7os culturais da UFJF, permitindo envolvimento e integra\u00e7\u00e3o ainda maiores entre a Universidade e as comunidades interna e externa.<\/p>\n<p>Ser\u00e3o selecionadas e premiadas financeiramente 150 propostas, considerando-se tr\u00eas possibilidades: Faixa 1, com 50 pr\u00eamios no valor de R$ 400; Faixa 2, com 50 pr\u00eamios de R$ 700; e Faixa 3, com 50 pr\u00eamios de R$ 1 mil.<\/p>\n<p>O Pr\u00eamio contempla diferentes formatos digitais, visual e audiovisual, englobando m\u00fasica, artes c\u00eanicas, artes visuais, cinema, patrim\u00f4nio cultural e mem\u00f3ria, literatura, educa\u00e7\u00e3o e projetos experimentais, para veicula\u00e7\u00e3o nas redes sociais dos centros e setores culturais vinculados \u00e0 UFJF nos campi de Juiz de Fora e de Governador Valadares.<\/p>\n<p>Os proponentes podem se inscrever em duas modalidades, sendo a primeira \u201cMaterial J\u00e1 Produzido\u201d para exibi\u00e7\u00e3o, desde que realizado a partir de janeiro de 2019; e a segunda \u201cMaterial a Ser Produzido\u201d para exibi\u00e7\u00e3o.<\/p>\n<p><b>Inscri\u00e7\u00f5es e Avalia\u00e7\u00e3o<\/b><b><br \/>\n<\/b>As inscri\u00e7\u00f5es s\u00e3o gratuitas e podem ser feitas exclusivamente pelo site\u00a0<a href=\"http:\/\/www.premiojanelasabertas.com.br\/\">www.premiojanelasabertas.com.br<\/a>,\u00a0mediante preenchimento e envio do formul\u00e1rio e da documenta\u00e7\u00e3o.<\/p>\n<p>As propostas ser\u00e3o avaliadas e ranqueadas pela comiss\u00e3o julgadora do Pr\u00eamio, considerando-se originalidade, ineditismo e atualidade, relev\u00e2ncia art\u00edstico-cultural e\/ou hist\u00f3rica, extens\u00e3o social, clareza e objetividade, adequa\u00e7\u00e3o t\u00e9cnica e exequibilidade de exibi\u00e7\u00e3o.<\/p>\n<p>A divulga\u00e7\u00e3o do resultado preliminar est\u00e1 prevista para 9 de novembro e a do resultado final para o dia 20 do mesmo m\u00eas.<\/p>\n<p><a href=\"http:\/\/www.premiojanelasabertas.com.br\/\">Confira o edital<\/a><\/p>\n<p><b>Forma\u00e7\u00e3o de p\u00fablico<\/b><b><br \/>\n<\/b>A iniciativa visa contribuir para o bem-estar social e a qualidade de vida, apoiando a forma\u00e7\u00e3o de p\u00fablico, al\u00e9m de incentivar pesquisas e manifesta\u00e7\u00f5es no \u00e2mbito da criatividade. A pr\u00f3-reitora de Cultura, Val\u00e9ria Faria, ressalta a import\u00e2ncia do Pr\u00eamio para minimizar o impacto negativo que o isolamento social tem ocasionado entre os artistas. \u201cPensamos em envolver todos os equipamentos da Procult para apresentar um instrumento de incentivo, divulga\u00e7\u00e3o e engajamento em um momento em que s\u00e3o poucas as possibilidades que se abrem neste segmento\u201d, diz. Ela destaca que arte e cultura, mais do que nunca, tornam-se presen\u00e7as indispens\u00e1veis para amenizar o distanciamento que se fez necess\u00e1rio desde mar\u00e7o e acabou criando uma realidade at\u00e9 ent\u00e3o improv\u00e1vel.<\/p>\n<p><b>Est\u00edmulo<\/b><b><br \/>\n<\/b>\u201cNosso objetivo \u00e9 estender a m\u00e3o para os artistas independentes que necessitam agora de um retorno financeiro. Uma rubrica de premia\u00e7\u00f5es nos permite oferecer esse apoio.\u00a0As\u00a0a\u00e7\u00f5es culturais est\u00e3o precisando reorganizar o seu di\u00e1logo, reafirmando que, embora saibamos que nada substitui a experi\u00eancia da arte presencial e da intera\u00e7\u00e3o direta com o p\u00fablico, \u00e9 essencial aceitar que o espa\u00e7o virtual pode atuar de forma eficiente como um est\u00edmulo para as produ\u00e7\u00f5es\u201d, explica.<\/p>\n<p>Val\u00e9ria destaca que a cultura passou a ser uma companheira di\u00e1ria na vida das pessoas. \u201cTemos uma oportunidade de crescimento, de expans\u00e3o. Estamos em uma fase de adaptabilidade, hip\u00f3teses, incertezas. O mundo virtual n\u00e3o expressa toda a for\u00e7a que a arte tem, mas, sem d\u00favida, o Pr\u00eamio \u00e9 um novo e importante instrumento de divulga\u00e7\u00e3o art\u00edstica. \u00c9 o momento de a cultura ganhar escala, obter engajamento e assimilar novas experi\u00eancias. Nesta perspectiva \u00e9 que a Procult organiza o Janelas Abertas.\u201d<\/p>\n<p><b>Veicula\u00e7\u00e3o<\/b><b><br \/>\n<\/b>Os projetos aprovados ser\u00e3o exibidos nas redes sociais do Centro Cultural Pr\u00f3-M\u00fasica e Escola de Artes Pr\u00f3-M\u00fasica; Centro de Conserva\u00e7\u00e3o da Mem\u00f3ria; Cine-Theatro Central; Forum da Cultura; Memorial da Rep\u00fablica Presidente Itamar Franco; Museu de Arqueologia e Etnologia Americana; Museu de Arte Murilo Mendes; e Setor de Comunica\u00e7\u00e3o, Cultura e Eventos do Campus Governador Valadares.<\/p>\n<p><strong>Fonte:\u00a0<\/strong>Assessoria<\/p>\n","protected":false},"excerpt":{"rendered":"<p>Terminam nesta segunda-feira, 26, as inscri\u00e7\u00f5es para o\u00a0\u201cPr\u00eamio Janelas Abertas\u201d\u00a0da Pr\u00f3-reitoria de Cultura (Procult) da Universidade Federal de Juiz de Fora (UFJF). A iniciativa visa apoiar projetos de diversas \u00e1reas art\u00edsticas e democratizar os espa\u00e7os culturais da UFJF, permitindo envolvimento e integra\u00e7\u00e3o ainda maiores entre a Universidade e as comunidades interna e externa. Ser\u00e3o selecionadas [&hellip;]<\/p>\n","protected":false},"author":96,"featured_media":171692,"comment_status":"closed","ping_status":"closed","sticky":false,"template":"","format":"standard","meta":{"footnotes":""},"categories":[256,436,262,439],"tags":[],"class_list":["post-171691","post","type-post","status-publish","format-standard","has-post-thumbnail","hentry","category-cultura","category-destaque-da-semana","category-noticias","category-ultima-hora"],"_links":{"self":[{"href":"https:\/\/diarioregionaldigital.com.br\/index.php?rest_route=\/wp\/v2\/posts\/171691","targetHints":{"allow":["GET"]}}],"collection":[{"href":"https:\/\/diarioregionaldigital.com.br\/index.php?rest_route=\/wp\/v2\/posts"}],"about":[{"href":"https:\/\/diarioregionaldigital.com.br\/index.php?rest_route=\/wp\/v2\/types\/post"}],"author":[{"embeddable":true,"href":"https:\/\/diarioregionaldigital.com.br\/index.php?rest_route=\/wp\/v2\/users\/96"}],"replies":[{"embeddable":true,"href":"https:\/\/diarioregionaldigital.com.br\/index.php?rest_route=%2Fwp%2Fv2%2Fcomments&post=171691"}],"version-history":[{"count":0,"href":"https:\/\/diarioregionaldigital.com.br\/index.php?rest_route=\/wp\/v2\/posts\/171691\/revisions"}],"wp:featuredmedia":[{"embeddable":true,"href":"https:\/\/diarioregionaldigital.com.br\/index.php?rest_route=\/wp\/v2\/media\/171692"}],"wp:attachment":[{"href":"https:\/\/diarioregionaldigital.com.br\/index.php?rest_route=%2Fwp%2Fv2%2Fmedia&parent=171691"}],"wp:term":[{"taxonomy":"category","embeddable":true,"href":"https:\/\/diarioregionaldigital.com.br\/index.php?rest_route=%2Fwp%2Fv2%2Fcategories&post=171691"},{"taxonomy":"post_tag","embeddable":true,"href":"https:\/\/diarioregionaldigital.com.br\/index.php?rest_route=%2Fwp%2Fv2%2Ftags&post=171691"}],"curies":[{"name":"wp","href":"https:\/\/api.w.org\/{rel}","templated":true}]}}