{"id":171688,"date":"2020-10-23T17:57:47","date_gmt":"2020-10-23T20:57:47","guid":{"rendered":"https:\/\/diarioregionaldigital.com.br\/?p=171688"},"modified":"2020-10-23T17:57:47","modified_gmt":"2020-10-23T20:57:47","slug":"inscricoes-abertas-para-2o-concurso-audiovisual-da-andifes","status":"publish","type":"post","link":"https:\/\/diarioregionaldigital.com.br\/?p=171688","title":{"rendered":"Inscri\u00e7\u00f5es abertas para 2\u00ba Concurso Audiovisual da Andifes"},"content":{"rendered":"<p>A\u00a0<a href=\"http:\/\/www.andifes.org.br\/andifes-abre-inscricoes-para-segundo-concurso-audiovisual\/\">Associa\u00e7\u00e3o Nacional dos Dirigentes das Institui\u00e7\u00f5es Federais de Ensino Superior (Andifes)<\/a>\u00a0est\u00e1 com\u00a0<a href=\"http:\/\/www.andifes.org.br\/wp-content\/uploads\/2020\/10\/Acesse-a-ficha-de-inscri%C3%A7%C3%A3o.pdf\">inscri\u00e7\u00f5es<\/a>\u00a0abertas, at\u00e9 31 de dezembro, para seu 2\u00ba Concurso Audiovisual, coordenado pelo Col\u00e9gio de Gestores de Comunica\u00e7\u00e3o das Universidades Federais (Cogecom). Com o tema \u201cA cultura ao alcance de todos via universidades federais\u201d, o concurso visa incentivar conte\u00fados culturais produzidos pelas universidades para a sociedade.<\/p>\n<p>Podem se inscrever estudantes de qualquer estado da Federa\u00e7\u00e3o e do Distrito Federal, desde que matriculados em uma das institui\u00e7\u00f5es federais de Ensino Superior associadas \u00e0 Andifes. A t\u00e9cnica para a cria\u00e7\u00e3o do v\u00eddeo \u00e9 livre, podendo ser utilizados recursos complementares de anima\u00e7\u00e3o, filtros especiais, e outros.<\/p>\n<p>Os tr\u00eas primeiros lugares recebem premia\u00e7\u00f5es em dinheiro nos valores de R$ 3 mil, R$ 2 mil e R$ 1 mil, respectivamente. Os v\u00eddeos devem ter cerca de um minuto, com toler\u00e2ncia de at\u00e9 cinco segundos para mais ou para menos.<\/p>\n<p>Segundo o presidente do Cogecom e diretor de Imagem Institucional da UFJF, M\u00e1rcio Guerra, ao ter dado continuidade ao projeto, a Andifes permite que os estudantes se envolvam na defesa da universidade p\u00fablica. \u201cO tema deste ano busca mostrar as oportunidades de acesso \u00e0 cultura que as universidades p\u00fablicas brasileiras oferecem atrav\u00e9s dos seus equipamentos culturais e projetos de extens\u00e3o. Em alguns lugares, como em Juiz de Fora, \u00e9 a universidade federal que possui os principais equipamentos de cultura locais. Ent\u00e3o precisamos mostrar para a sociedade o quanto as universidades s\u00e3o ricas em ensino, pesquisa e extens\u00e3o, e motivar nossos alunos a participarem.\u201d<\/p>\n<p>\u00c9 obrigat\u00f3rio, em caso de v\u00eddeos nos quais apare\u00e7am pessoas, a apresenta\u00e7\u00e3o de autoriza\u00e7\u00e3o de uso de imagem da(s) pessoa(s) filmadas(s), que deve ser enviada por escrito juntamente com o conte\u00fado audiovisual. Ficha de inscri\u00e7\u00e3o, autoriza\u00e7\u00f5es de imagem, comprova\u00e7\u00e3o de matr\u00edcula e outros documentos previstos no\u00a0<a href=\"http:\/\/www.andifes.org.br\/wp-content\/uploads\/2020\/10\/Acesse-o-Regulamento-do-2%C2%BA-Concurso-Audiovisual-da-Andifes.pdf\">Regulamento do Concurso<\/a>\u00a0devem ser enviados no mesmo arquivo em formato PDF para o e-mail\u00a0<a href=\"mailto:concursoaudiovisual@andifes.org.br\">concursoaudiovisual@andifes.org.br<\/a>.<\/p>\n<p><strong>Fonte:\u00a0<\/strong>Assessoria<\/p>\n","protected":false},"excerpt":{"rendered":"<p>A\u00a0Associa\u00e7\u00e3o Nacional dos Dirigentes das Institui\u00e7\u00f5es Federais de Ensino Superior (Andifes)\u00a0est\u00e1 com\u00a0inscri\u00e7\u00f5es\u00a0abertas, at\u00e9 31 de dezembro, para seu 2\u00ba Concurso Audiovisual, coordenado pelo Col\u00e9gio de Gestores de Comunica\u00e7\u00e3o das Universidades Federais (Cogecom). Com o tema \u201cA cultura ao alcance de todos via universidades federais\u201d, o concurso visa incentivar conte\u00fados culturais produzidos pelas universidades para a [&hellip;]<\/p>\n","protected":false},"author":96,"featured_media":171689,"comment_status":"closed","ping_status":"closed","sticky":false,"template":"","format":"standard","meta":{"footnotes":""},"categories":[256,436,262,439],"tags":[],"class_list":["post-171688","post","type-post","status-publish","format-standard","has-post-thumbnail","hentry","category-cultura","category-destaque-da-semana","category-noticias","category-ultima-hora"],"_links":{"self":[{"href":"https:\/\/diarioregionaldigital.com.br\/index.php?rest_route=\/wp\/v2\/posts\/171688","targetHints":{"allow":["GET"]}}],"collection":[{"href":"https:\/\/diarioregionaldigital.com.br\/index.php?rest_route=\/wp\/v2\/posts"}],"about":[{"href":"https:\/\/diarioregionaldigital.com.br\/index.php?rest_route=\/wp\/v2\/types\/post"}],"author":[{"embeddable":true,"href":"https:\/\/diarioregionaldigital.com.br\/index.php?rest_route=\/wp\/v2\/users\/96"}],"replies":[{"embeddable":true,"href":"https:\/\/diarioregionaldigital.com.br\/index.php?rest_route=%2Fwp%2Fv2%2Fcomments&post=171688"}],"version-history":[{"count":0,"href":"https:\/\/diarioregionaldigital.com.br\/index.php?rest_route=\/wp\/v2\/posts\/171688\/revisions"}],"wp:featuredmedia":[{"embeddable":true,"href":"https:\/\/diarioregionaldigital.com.br\/index.php?rest_route=\/wp\/v2\/media\/171689"}],"wp:attachment":[{"href":"https:\/\/diarioregionaldigital.com.br\/index.php?rest_route=%2Fwp%2Fv2%2Fmedia&parent=171688"}],"wp:term":[{"taxonomy":"category","embeddable":true,"href":"https:\/\/diarioregionaldigital.com.br\/index.php?rest_route=%2Fwp%2Fv2%2Fcategories&post=171688"},{"taxonomy":"post_tag","embeddable":true,"href":"https:\/\/diarioregionaldigital.com.br\/index.php?rest_route=%2Fwp%2Fv2%2Ftags&post=171688"}],"curies":[{"name":"wp","href":"https:\/\/api.w.org\/{rel}","templated":true}]}}