{"id":171686,"date":"2020-10-23T17:54:58","date_gmt":"2020-10-23T20:54:58","guid":{"rendered":"https:\/\/diarioregionaldigital.com.br\/?p=171686"},"modified":"2020-10-23T17:54:58","modified_gmt":"2020-10-23T20:54:58","slug":"pjf-realiza-semana-do-servidor-online-a-partir-de-segunda-feira","status":"publish","type":"post","link":"https:\/\/diarioregionaldigital.com.br\/?p=171686","title":{"rendered":"PJF realiza Semana do Servidor online a partir de segunda-feira"},"content":{"rendered":"<p>No dia 28 de outubro \u00e9 Dia do Servidor. Para marcar a data, mesmo em tempos de pandemia, a Prefeitura de Juiz de Fora (PJF) realiza a partir da segunda-feira, 26, a Semana do Servidor online. Toda a programa\u00e7\u00e3o ser\u00e1 veiculada no Canal do Servidor, criado na plataforma de v\u00eddeos YouTube, at\u00e9 sexta-feira, 30.<\/p>\n<p>\u201cEssa programa\u00e7\u00e3o especial foi montada para valorizar o nosso servidor. Poder ouvir suas experi\u00eancias e conhecer seus talentos vai al\u00e9m do institucional, pois \u00e9 realmente dar voz \u00e0queles que dedicam suas vidas servindo \u00e0 popula\u00e7\u00e3o nas mais variadas \u00e1reas. Como estamos vivendo esse per\u00edodo de restri\u00e7\u00f5es por conta da pandemia, vamos nos reunir em ambiente virtual e, l\u00e1, refor\u00e7ar toda a import\u00e2ncia do servidor municipal\u201d, destacou o prefeito Ant\u00f4nio Almas.<\/p>\n<p>Ser\u00e3o tr\u00eas formatos de programas. O primeiro, &#8220;Talentos PJF&#8221;, ter\u00e1 a apresenta\u00e7\u00e3o de servidores demonstrando talentos diversos, como canto, dan\u00e7a, entre outros. Os v\u00eddeos ser\u00e3o disponibilizados sempre \u00e0s 10 horas no Canal do Servidor, no Youtube.<\/p>\n<p>\u00c0s 15 horas, ser\u00e1 a vez do &#8220;Por dentro do assunto&#8221;. O programa, em forma de bate-papo em aplicativo de v\u00eddeo-chamada, abordar\u00e1 temas variados, como &#8220;Direito do Consumidor e E-commerce&#8221;, &#8220;Atividade F\u00edsica&#8221; e tamb\u00e9m um especial sobre o projeto Cadinho de Prosa, desenvolvido pela Secretaria de Educa\u00e7\u00e3o da PJF.<\/p>\n<p>A noite tamb\u00e9m ter\u00e1 conte\u00fado especial. &#8220;O Servidor na Pandemia&#8221; reunir\u00e1 servidores, tamb\u00e9m de forma remota por v\u00eddeo-chamada, para contarem sobre o dia a dia e as experi\u00eancias durante esse per\u00edodo de pandemia do Coronav\u00edrus (Covid-19). As a\u00e7\u00f5es de fiscaliza\u00e7\u00e3o, a rotina da sa\u00fade, o dia a dia dos servi\u00e7os de desinfec\u00e7\u00e3o, o acolhimento recebem um novo olhar na voz de quem esteve e permanece na linha de frente.<\/p>\n<p>O Canal do Servidor PJF no Youtube \u00e9 coordenado pela Secretaria de Administra\u00e7\u00e3o e Recursos Humanos, atrav\u00e9s da Assessoria de Comunica\u00e7\u00e3o local e do Departamento de Desenvolvimento do Servidor da Subsecretaria de Desenvolvimento Institucional. O canal poder\u00e1 ser acessado pelo link\u00a0<a href=\"https:\/\/www.youtube.com\/channel\/UCflrROVT2E0WCOL5R-Zb1hg\">bit.ly\/canaldoservidorpjf<\/a>.<\/p>\n<p><strong>Fonte:\u00a0<\/strong>Assessoria<\/p>\n","protected":false},"excerpt":{"rendered":"<p>No dia 28 de outubro \u00e9 Dia do Servidor. Para marcar a data, mesmo em tempos de pandemia, a Prefeitura de Juiz de Fora (PJF) realiza a partir da segunda-feira, 26, a Semana do Servidor online. Toda a programa\u00e7\u00e3o ser\u00e1 veiculada no Canal do Servidor, criado na plataforma de v\u00eddeos YouTube, at\u00e9 sexta-feira, 30. \u201cEssa [&hellip;]<\/p>\n","protected":false},"author":96,"featured_media":171591,"comment_status":"closed","ping_status":"closed","sticky":false,"template":"","format":"standard","meta":{"footnotes":""},"categories":[253,436,439],"tags":[],"class_list":["post-171686","post","type-post","status-publish","format-standard","has-post-thumbnail","hentry","category-cidade","category-destaque-da-semana","category-ultima-hora"],"_links":{"self":[{"href":"https:\/\/diarioregionaldigital.com.br\/index.php?rest_route=\/wp\/v2\/posts\/171686","targetHints":{"allow":["GET"]}}],"collection":[{"href":"https:\/\/diarioregionaldigital.com.br\/index.php?rest_route=\/wp\/v2\/posts"}],"about":[{"href":"https:\/\/diarioregionaldigital.com.br\/index.php?rest_route=\/wp\/v2\/types\/post"}],"author":[{"embeddable":true,"href":"https:\/\/diarioregionaldigital.com.br\/index.php?rest_route=\/wp\/v2\/users\/96"}],"replies":[{"embeddable":true,"href":"https:\/\/diarioregionaldigital.com.br\/index.php?rest_route=%2Fwp%2Fv2%2Fcomments&post=171686"}],"version-history":[{"count":0,"href":"https:\/\/diarioregionaldigital.com.br\/index.php?rest_route=\/wp\/v2\/posts\/171686\/revisions"}],"wp:featuredmedia":[{"embeddable":true,"href":"https:\/\/diarioregionaldigital.com.br\/index.php?rest_route=\/wp\/v2\/media\/171591"}],"wp:attachment":[{"href":"https:\/\/diarioregionaldigital.com.br\/index.php?rest_route=%2Fwp%2Fv2%2Fmedia&parent=171686"}],"wp:term":[{"taxonomy":"category","embeddable":true,"href":"https:\/\/diarioregionaldigital.com.br\/index.php?rest_route=%2Fwp%2Fv2%2Fcategories&post=171686"},{"taxonomy":"post_tag","embeddable":true,"href":"https:\/\/diarioregionaldigital.com.br\/index.php?rest_route=%2Fwp%2Fv2%2Ftags&post=171686"}],"curies":[{"name":"wp","href":"https:\/\/api.w.org\/{rel}","templated":true}]}}