{"id":171683,"date":"2020-10-23T17:53:51","date_gmt":"2020-10-23T20:53:51","guid":{"rendered":"https:\/\/diarioregionaldigital.com.br\/?p=171683"},"modified":"2020-10-23T17:53:51","modified_gmt":"2020-10-23T20:53:51","slug":"funalfa-participa-de-live-que-debate-silenciamento-e-invisibilidade-negra","status":"publish","type":"post","link":"https:\/\/diarioregionaldigital.com.br\/?p=171683","title":{"rendered":"Funalfa participa de live que debate silenciamento e invisibilidade negra"},"content":{"rendered":"<div id=\"box_texto_noticia\">A supervisora de Pesquisa, Mem\u00f3ria e Educa\u00e7\u00e3o Patrimonial Carine Muguet e a supervisora da Lei \u201cMurilo Mendes\u201d de Incentivo \u00e0 Cultura Fernanda Amaral, Ambas funcion\u00e1rias da Funalfa est\u00e3o entre as convidadas da live \u201cMem\u00f3rias, silenciamentos e invisibilidades: a repara\u00e7\u00e3o como pol\u00edtica de outridade\u201d. A a\u00e7\u00e3o \u00e9 promovida pelo Laborat\u00f3rio de Hist\u00f3ria Oral e Imagem (Labhoi) da Universidade Federal de Juiz de Fora (UFJF) e acontece na pr\u00f3xima ter\u00e7a-feira, 27, \u00e0s 17h30, com transmiss\u00e3o pelo canal do Labhoi no YouTube.<\/p>\n<p>A roda de conversa vai reunir as coordenadoras do Labhoi, a professora titular do Departamento de Hist\u00f3ria da UFJF, Hebe Mattos, e a doutoranda em Hist\u00f3ria, Giovana Castro, as professoras, M\u00f4nica Lima (Universidade Federal do Rio de Janeiro) e Raquel Pereira Francisco (Rede Municipal de Juiz de Fora), al\u00e9m da historiadora do Arquivo Hist\u00f3rico de Juiz de Fora, Elione Guimar\u00e3es, e o mestrando em Hist\u00f3ria pela UFJF, Luan Pedretti.<\/p>\n<p>A live integra o projeto \u201cJuiz de Fora: Cidade Negra \u2013 Reflex\u00f5es sobre Sil\u00eancio, Racismo e Hist\u00f3ria\u201d, que \u00e9 desenvolvido pelo Labhoi. A graduanda em Hist\u00f3ria e integrante do laborat\u00f3rio, Vanessa Lopes, afirma que a proposta \u00e9 mapear produ\u00e7\u00f5es referentes \u00e0 mem\u00f3ria negra em Juiz de Fora, na tentativa de construir um acervo virtual que poder\u00e1 ser acessado por pesquisadores, educadores e demais interessados na tem\u00e1tica.<\/p>\n<p>\u201cTamb\u00e9m \u00e9 uma estrat\u00e9gia para romper com o silenciamento e a invisibilidade da popula\u00e7\u00e3o negra. Em Juiz de Fora, aborda-se muito a cultura de origem europeia, mas pouco se fala na centralidade, na presen\u00e7a negra. N\u00e3o se trata de promover uma disputa de narrativas, o que implicaria em silenciar uma em contraposi\u00e7\u00e3o a outra. O objetivo \u00e9 trazer novas subjetividades para de falar de Juiz de Fora, resgatar a diversidade de nossa hist\u00f3ria,\u201d argumenta Vanessa. Ela destaca que a Funalfa apoiou a edi\u00e7\u00e3o de v\u00e1rios livros que falam sobre a presen\u00e7a negra na cidade, e que certamente ser\u00e3o incorporados ao acervo do Labhoi.<\/p>\n<p>A historiadora da Funalfa, Carine Muguet, tamb\u00e9m defende a pertin\u00eancia e a urg\u00eancia do debate. \u201c\u00c9 fundamental ampliarmos os espa\u00e7os de discuss\u00e3o sobre a tem\u00e1tica em nossa cidade, que historicamente silenciou a contribui\u00e7\u00e3o das etnias africanas na constru\u00e7\u00e3o social de nosso povo. Enquanto gestores p\u00fablicos, estamos atentos a essas discuss\u00f5es e com nossos acervos \u00e0 disposi\u00e7\u00e3o dos pesquisadores.\u201d<\/p><\/div>\n<div><\/div>\n<div><strong>Fonte:\u00a0<\/strong>Assessoria<\/div>\n<p>&nbsp;<\/p>\n<div id=\"box_compartilhar\" align=\"right\"><\/div>\n","protected":false},"excerpt":{"rendered":"<p>A supervisora de Pesquisa, Mem\u00f3ria e Educa\u00e7\u00e3o Patrimonial Carine Muguet e a supervisora da Lei \u201cMurilo Mendes\u201d de Incentivo \u00e0 Cultura Fernanda Amaral, Ambas funcion\u00e1rias da Funalfa est\u00e3o entre as convidadas da live \u201cMem\u00f3rias, silenciamentos e invisibilidades: a repara\u00e7\u00e3o como pol\u00edtica de outridade\u201d. A a\u00e7\u00e3o \u00e9 promovida pelo Laborat\u00f3rio de Hist\u00f3ria Oral e Imagem (Labhoi) [&hellip;]<\/p>\n","protected":false},"author":96,"featured_media":171684,"comment_status":"closed","ping_status":"closed","sticky":false,"template":"","format":"standard","meta":{"footnotes":""},"categories":[256,436,262,439],"tags":[],"class_list":["post-171683","post","type-post","status-publish","format-standard","has-post-thumbnail","hentry","category-cultura","category-destaque-da-semana","category-noticias","category-ultima-hora"],"_links":{"self":[{"href":"https:\/\/diarioregionaldigital.com.br\/index.php?rest_route=\/wp\/v2\/posts\/171683","targetHints":{"allow":["GET"]}}],"collection":[{"href":"https:\/\/diarioregionaldigital.com.br\/index.php?rest_route=\/wp\/v2\/posts"}],"about":[{"href":"https:\/\/diarioregionaldigital.com.br\/index.php?rest_route=\/wp\/v2\/types\/post"}],"author":[{"embeddable":true,"href":"https:\/\/diarioregionaldigital.com.br\/index.php?rest_route=\/wp\/v2\/users\/96"}],"replies":[{"embeddable":true,"href":"https:\/\/diarioregionaldigital.com.br\/index.php?rest_route=%2Fwp%2Fv2%2Fcomments&post=171683"}],"version-history":[{"count":0,"href":"https:\/\/diarioregionaldigital.com.br\/index.php?rest_route=\/wp\/v2\/posts\/171683\/revisions"}],"wp:featuredmedia":[{"embeddable":true,"href":"https:\/\/diarioregionaldigital.com.br\/index.php?rest_route=\/wp\/v2\/media\/171684"}],"wp:attachment":[{"href":"https:\/\/diarioregionaldigital.com.br\/index.php?rest_route=%2Fwp%2Fv2%2Fmedia&parent=171683"}],"wp:term":[{"taxonomy":"category","embeddable":true,"href":"https:\/\/diarioregionaldigital.com.br\/index.php?rest_route=%2Fwp%2Fv2%2Fcategories&post=171683"},{"taxonomy":"post_tag","embeddable":true,"href":"https:\/\/diarioregionaldigital.com.br\/index.php?rest_route=%2Fwp%2Fv2%2Ftags&post=171683"}],"curies":[{"name":"wp","href":"https:\/\/api.w.org\/{rel}","templated":true}]}}