{"id":171680,"date":"2020-10-23T17:52:26","date_gmt":"2020-10-23T20:52:26","guid":{"rendered":"https:\/\/diarioregionaldigital.com.br\/?p=171680"},"modified":"2020-10-23T17:52:26","modified_gmt":"2020-10-23T20:52:26","slug":"equipes-da-empav-atuam-em-podas-cortes-e-manutencao-de-pracas","status":"publish","type":"post","link":"https:\/\/diarioregionaldigital.com.br\/?p=171680","title":{"rendered":"Equipes da Empav atuam em podas, cortes e manuten\u00e7\u00e3o de pra\u00e7as"},"content":{"rendered":"<p>As equipes do setor de Parques e Jardins, da Empresa Municipal de Pavimenta\u00e7\u00e3o e Urbaniza\u00e7\u00e3o (Empav), realizam, nesta sexta-feira, 23, poda e corte de \u00e1rvores, em pontos distintos da cidade. Al\u00e9m disso, funcion\u00e1rios atuam na poda de grama no Santa Terezinha e nos canteiros centrais da Avenida Deusdedith Salgado (Salvaterra\/Teixeiras).<\/p>\n<p>Al\u00e9m de apoio aos servi\u00e7os de pavimenta\u00e7\u00e3o e ao Corpo de Bombeiros, outro grupo desenvolve o corte de \u00e1rvores na Rua Coronel Quint\u00e3o, no Bairro Monte Castelo. Para este s\u00e1bado, 24, as tarefas acontecem na Pra\u00e7a Pantaleone Arcuri, no Po\u00e7o Rico.<\/p>\n<p>Durante esta semana foram realizados poda e corte de \u00e1rvores no Monte Castelo e em outros pontos da Zona Norte, limpeza da Rua das Esmeraldas (Maril\u00e2ndia), para a realiza\u00e7\u00e3o de pavimenta\u00e7\u00e3o, poda de grama e limpeza na Rua Josephina Gatti Franck (Santa Terezinha) e na Pra\u00e7a Maria Ilidia de Rezende (S\u00e3o Benedito).<\/p>\n<p>Os cortes de \u00e1rvores e poda dr\u00e1stica devem ser solicitadas no Espa\u00e7o Cidad\u00e3o e ap\u00f3s ser analisada pela Secretaria de Meio Ambiente e Ordenamento Urbano (Semaur), se autorizada, \u00e9 encaminhado o laudo para a Empav executar o trabalho. Os atendimentos presenciais no Espa\u00e7o Cidad\u00e3o s\u00e3o agendados atrav\u00e9s dos telefones 2104-8530\/2104-8530\/ 2104-8580.<\/p>\n<p><strong>Fonte:\u00a0<\/strong>Assessoria<\/p>\n","protected":false},"excerpt":{"rendered":"<p>As equipes do setor de Parques e Jardins, da Empresa Municipal de Pavimenta\u00e7\u00e3o e Urbaniza\u00e7\u00e3o (Empav), realizam, nesta sexta-feira, 23, poda e corte de \u00e1rvores, em pontos distintos da cidade. Al\u00e9m disso, funcion\u00e1rios atuam na poda de grama no Santa Terezinha e nos canteiros centrais da Avenida Deusdedith Salgado (Salvaterra\/Teixeiras). Al\u00e9m de apoio aos servi\u00e7os [&hellip;]<\/p>\n","protected":false},"author":96,"featured_media":171681,"comment_status":"closed","ping_status":"closed","sticky":false,"template":"","format":"standard","meta":{"footnotes":""},"categories":[253,436,439],"tags":[],"class_list":["post-171680","post","type-post","status-publish","format-standard","has-post-thumbnail","hentry","category-cidade","category-destaque-da-semana","category-ultima-hora"],"_links":{"self":[{"href":"https:\/\/diarioregionaldigital.com.br\/index.php?rest_route=\/wp\/v2\/posts\/171680","targetHints":{"allow":["GET"]}}],"collection":[{"href":"https:\/\/diarioregionaldigital.com.br\/index.php?rest_route=\/wp\/v2\/posts"}],"about":[{"href":"https:\/\/diarioregionaldigital.com.br\/index.php?rest_route=\/wp\/v2\/types\/post"}],"author":[{"embeddable":true,"href":"https:\/\/diarioregionaldigital.com.br\/index.php?rest_route=\/wp\/v2\/users\/96"}],"replies":[{"embeddable":true,"href":"https:\/\/diarioregionaldigital.com.br\/index.php?rest_route=%2Fwp%2Fv2%2Fcomments&post=171680"}],"version-history":[{"count":0,"href":"https:\/\/diarioregionaldigital.com.br\/index.php?rest_route=\/wp\/v2\/posts\/171680\/revisions"}],"wp:featuredmedia":[{"embeddable":true,"href":"https:\/\/diarioregionaldigital.com.br\/index.php?rest_route=\/wp\/v2\/media\/171681"}],"wp:attachment":[{"href":"https:\/\/diarioregionaldigital.com.br\/index.php?rest_route=%2Fwp%2Fv2%2Fmedia&parent=171680"}],"wp:term":[{"taxonomy":"category","embeddable":true,"href":"https:\/\/diarioregionaldigital.com.br\/index.php?rest_route=%2Fwp%2Fv2%2Fcategories&post=171680"},{"taxonomy":"post_tag","embeddable":true,"href":"https:\/\/diarioregionaldigital.com.br\/index.php?rest_route=%2Fwp%2Fv2%2Ftags&post=171680"}],"curies":[{"name":"wp","href":"https:\/\/api.w.org\/{rel}","templated":true}]}}