{"id":171677,"date":"2020-10-23T17:51:19","date_gmt":"2020-10-23T20:51:19","guid":{"rendered":"https:\/\/diarioregionaldigital.com.br\/?p=171677"},"modified":"2020-10-23T17:51:19","modified_gmt":"2020-10-23T20:51:19","slug":"servidores-da-pjf-sao-convidados-para-participarem-de-treinamento-sobre-novo-comprev-em-brasilia","status":"publish","type":"post","link":"https:\/\/diarioregionaldigital.com.br\/?p=171677","title":{"rendered":"Servidores da PJF s\u00e3o convidados para participarem de treinamento sobre Novo Comprev em Bras\u00edlia"},"content":{"rendered":"<p>Representantes do Departamento de Assuntos Previdenci\u00e1rios (Dprev) da Prefeitura de Juiz de Fora (PJF) foram convidados a participarem nesta quinta e sexta-feira, 22 e 23, em Bras\u00edlia (DF), do treinamento nacional do novo sistema de compensa\u00e7\u00e3o previdenci\u00e1ria (Comprev). O novo sistema ser\u00e1 disponibilizado para utiliza\u00e7\u00e3o dos entes federativos e do Instituto Nacional de Seguridade Social (INSS). A PJF tem colaborado no processo de especifica\u00e7\u00e3o e homologa\u00e7\u00e3o do novo procedimento.<\/p>\n<p>A assistente de administra\u00e7\u00e3o, Elisana Marques, faz parte do grupo de trabalho, que conta com 18 homologadores, representantes do INSS, da Dataprev e de Regimes Pr\u00f3prios de Previd\u00eancia Social (RPPS) de, pelo menos, sete estados do pa\u00eds, al\u00e9m da Secretaria Nacional de Previd\u00eancia Social (Sprev) do Minist\u00e9rio da Economia. Elisana, que no in\u00edcio de outubro, participou como palestrante de \u201clive\u201d sobre o tema, foi a respons\u00e1vel por apresentar como ser\u00e3o os relat\u00f3rios de gest\u00e3o do novo Comprev. A servidora refor\u00e7ou a oportunidade de participar do grupo t\u00e9cnico respons\u00e1vel pela implanta\u00e7\u00e3o do novo sistema. Conforme Elisana, a participa\u00e7\u00e3o \u201ccria atmosfera favor\u00e1vel \u00e0 transi\u00e7\u00e3o da antiga para a nova plataforma de Comprev, fazendo com que a PJF esteja um passo \u00e0 frente neste contexto de mudan\u00e7a de paradigmas, oriunda da implementa\u00e7\u00e3o de uma nova ferramenta de trabalho.\u201d<\/p>\n<p>O gerente do Dprev da Secretaria de Administra\u00e7\u00e3o e Recursos Humanos (SARH), Marco Picoli, que tamb\u00e9m acompanha o treinamento in loco, explica que \u201ctrata-se de uma nova sistem\u00e1tica de compensa\u00e7\u00e3o entre os regimes de previd\u00eancia que envolve os RPPS e o Regime Geral. Este sistema vai trazer a necessidade de um novo acordo de coopera\u00e7\u00e3o t\u00e9cnica e um novo termo de op\u00e7\u00e3o para o recebimento dos valores que atualmente j\u00e1 recebemos a t\u00edtulo de compensa\u00e7\u00e3o previdenci\u00e1ria, trabalho desenvolvido nos \u00faltimos anos.\u201d<\/p>\n<p>Entre os pr\u00f3ximos passos, est\u00e1 o in\u00edcio das atividades da JF Prev, autarquia previdenci\u00e1ria criada pela Lei Complementar n\u00ba 115, que entra em funcionamento em janeiro. O gerente do Dprev destacou que \u201ca participa\u00e7\u00e3o dos representantes de Juiz de Fora no grupo de trabalho foi importante para a JF Prev, que precisar\u00e1 estar em conson\u00e2ncia com a nova legisla\u00e7\u00e3o, e para isso os processos de trabalho precisam estar bem definidos para que as equipes possam estar bem integradas.\u201d<\/p>\n<p>A capacita\u00e7\u00e3o contou com participa\u00e7\u00e3o presencial dos homologadores, que seguiram os protocolos de sa\u00fade estipulados, e teve transmiss\u00e3o ao vivo em parceria com a Associa\u00e7\u00e3o Brasileira de Institui\u00e7\u00f5es de Previd\u00eancia Estaduais e Municipais (Abipem).<\/p>\n<p><b>Comprev<\/b><\/p>\n<p>Em termos pr\u00e1ticos, a compensa\u00e7\u00e3o previdenci\u00e1ria \u00e9 realizada quando da aposentadoria do servidor. Por meio desse sistema nacional, aquelas contribui\u00e7\u00f5es realizadas pelo servidor para o Regime Geral s\u00e3o revertidas para o Regime Pr\u00f3prio ao qual ele faz parte, e vice-versa, quando o servidor deixa o servi\u00e7o p\u00fablico e se aposenta pelo Regime Geral. Desde 2018, at\u00e9 o momento, j\u00e1 foram quase R$ 62 milh\u00f5es recebidos pelo RPPS de Juiz de Fora, atrav\u00e9s do trabalho da equipe do Dprev.<\/p>\n<p><strong>Fonte:\u00a0<\/strong>Assessoria<\/p>\n","protected":false},"excerpt":{"rendered":"<p>Representantes do Departamento de Assuntos Previdenci\u00e1rios (Dprev) da Prefeitura de Juiz de Fora (PJF) foram convidados a participarem nesta quinta e sexta-feira, 22 e 23, em Bras\u00edlia (DF), do treinamento nacional do novo sistema de compensa\u00e7\u00e3o previdenci\u00e1ria (Comprev). O novo sistema ser\u00e1 disponibilizado para utiliza\u00e7\u00e3o dos entes federativos e do Instituto Nacional de Seguridade Social [&hellip;]<\/p>\n","protected":false},"author":96,"featured_media":171678,"comment_status":"closed","ping_status":"closed","sticky":false,"template":"","format":"standard","meta":{"footnotes":""},"categories":[253,436,439],"tags":[],"class_list":["post-171677","post","type-post","status-publish","format-standard","has-post-thumbnail","hentry","category-cidade","category-destaque-da-semana","category-ultima-hora"],"_links":{"self":[{"href":"https:\/\/diarioregionaldigital.com.br\/index.php?rest_route=\/wp\/v2\/posts\/171677","targetHints":{"allow":["GET"]}}],"collection":[{"href":"https:\/\/diarioregionaldigital.com.br\/index.php?rest_route=\/wp\/v2\/posts"}],"about":[{"href":"https:\/\/diarioregionaldigital.com.br\/index.php?rest_route=\/wp\/v2\/types\/post"}],"author":[{"embeddable":true,"href":"https:\/\/diarioregionaldigital.com.br\/index.php?rest_route=\/wp\/v2\/users\/96"}],"replies":[{"embeddable":true,"href":"https:\/\/diarioregionaldigital.com.br\/index.php?rest_route=%2Fwp%2Fv2%2Fcomments&post=171677"}],"version-history":[{"count":0,"href":"https:\/\/diarioregionaldigital.com.br\/index.php?rest_route=\/wp\/v2\/posts\/171677\/revisions"}],"wp:featuredmedia":[{"embeddable":true,"href":"https:\/\/diarioregionaldigital.com.br\/index.php?rest_route=\/wp\/v2\/media\/171678"}],"wp:attachment":[{"href":"https:\/\/diarioregionaldigital.com.br\/index.php?rest_route=%2Fwp%2Fv2%2Fmedia&parent=171677"}],"wp:term":[{"taxonomy":"category","embeddable":true,"href":"https:\/\/diarioregionaldigital.com.br\/index.php?rest_route=%2Fwp%2Fv2%2Fcategories&post=171677"},{"taxonomy":"post_tag","embeddable":true,"href":"https:\/\/diarioregionaldigital.com.br\/index.php?rest_route=%2Fwp%2Fv2%2Ftags&post=171677"}],"curies":[{"name":"wp","href":"https:\/\/api.w.org\/{rel}","templated":true}]}}