{"id":171674,"date":"2020-10-23T17:48:32","date_gmt":"2020-10-23T20:48:32","guid":{"rendered":"https:\/\/diarioregionaldigital.com.br\/?p=171674"},"modified":"2020-10-23T17:48:32","modified_gmt":"2020-10-23T20:48:32","slug":"termina-na-proxima-semana-o-prazo-para-inscricao-no-workshop-juiz-de-fora-mais-resiliente","status":"publish","type":"post","link":"https:\/\/diarioregionaldigital.com.br\/?p=171674","title":{"rendered":"Termina na pr\u00f3xima semana o prazo para inscri\u00e7\u00e3o no workshop \u201cJuiz de Fora Mais Resiliente\u201d"},"content":{"rendered":"<div id=\"box_texto_noticia\">Termina na pr\u00f3xima ter\u00e7a-feira, 27 o prazo para inscri\u00e7\u00f5es no workshop \u201cJuiz de Fora Mais Resiliente\u201d, que acontece entre os dias quatro e seis de novembro de forma online. O evento faz parte do programa &#8220;Cidades Resilientes&#8221;, proposto pelas Organiza\u00e7\u00f5es das Na\u00e7\u00f5es Unidas (ONU) em que o munic\u00edpio est\u00e1 inscrito, com o objetivo de realizar uma ampla avalia\u00e7\u00e3o e capacita\u00e7\u00e3o das suas estruturas de resposta a desastres.<\/p>\n<p>Os interessados podem se inscrever pelo\u00a0<a href=\"https:\/\/docs.google.com\/forms\/d\/e\/1FAIpQLSejFgLwnTsLHRCGHfNHeG0waf3Zytwq7DqiNBtArroOUpn2eg\/viewform\">formul\u00e1rio<\/a>. A participa\u00e7\u00e3o \u00e9 gratuita, e a programa\u00e7\u00e3o ser\u00e1 transmitida ao vivo via Youtube. A oficina \u00e9 uma das etapas do processo de aquisi\u00e7\u00e3o do t\u00edtulo de &#8220;Cidade Resiliente&#8221;.<\/p>\n<p>Recentemente, os \u00f3rg\u00e3os envolvidos na preven\u00e7\u00e3o e socorro a situa\u00e7\u00f5es de crise responderam a um question\u00e1rio padr\u00e3o. Essas respostas ser\u00e3o avaliadas em conjunto, durante a oficina, validando o perfil do munic\u00edpio. O \u201cWorkshop\u201d ser\u00e1 uma oportunidade de dar publicidade \u00e0s an\u00e1lises preliminares e de promover a consulta p\u00fablica \u00e0 comunidade. Os diversos atores ir\u00e3o discutir e contribuir com o aperfei\u00e7oamento das a\u00e7\u00f5es de gest\u00e3o e planejamento de risco de desastre. Al\u00e9m do p\u00fablico em geral, participam profissionais da \u00e1rea: como bombeiros militares, agentes de Defesa Civil, professores e estudantes, garantindo a pluralidade de vis\u00e3o ao processo.<\/p>\n<p>Em agosto, a cidade recebeu o certificado de compromisso com a resili\u00eancia. O documento \u00e9 conferido pelo Escrit\u00f3rio das Na\u00e7\u00f5es Unidas para Redu\u00e7\u00e3o do Risco de Desastres (UNDRR) para as cidades que se comprometeram na prepara\u00e7\u00e3o para o enfrentamento de emerg\u00eancias causadas por desastres naturais. Assim, Juiz de Fora tem o compromisso de adotar medidas necess\u00e1rias nos campos estrutural, institucional, de planejamento, de gest\u00e3o de riscos, bem como de organiza\u00e7\u00e3o social para se tornar capaz de se adaptar constantemente e de responder \u00e0 altura os desafios de uma cidade em crescimento. Para ser reconhecido como &#8220;Cidade Resiliente&#8221;, o munic\u00edpio deve cumprir 10 passos essenciais.<\/p>\n<p><b>Conte\u00fado<\/b><\/p>\n<p>No evento ser\u00e3o debatidos os\u00a0<a href=\"https:\/\/www.youtube.com\/watch?v=2CpwlVkzias&amp;feature=youtu.be\">\u201cDez Princ\u00edpios para Construir Cidades Resilientes\u201d<\/a>\u00a0e os participantes poder\u00e3o enviar perguntas a serem respondidas pela sala t\u00e9cnica, constitu\u00edda por gestores p\u00fablicos nas esferas municipal, estadual e federal, com atua\u00e7\u00e3o direta e indireta nos atendimentos aos desastres.<\/p>\n<p>O Workshop re\u00fane atores relevantes da cidade para discutir tem\u00e1ticas atuais que contribuem para o aperfei\u00e7oamento das a\u00e7\u00f5es de gest\u00e3o e planejamento de risco de desastre, a partir da aplica\u00e7\u00e3o da \u201cFerramenta de Autoavalia\u00e7\u00e3o da Resili\u00eancia \u2013 N\u00edvel Preliminar\u201d, e da compila\u00e7\u00e3o de seus resultados. Al\u00e9m disso, aborda a necessidade de ado\u00e7\u00e3o de medidas de gerenciamento de riscos, uma vez que as consequ\u00eancias econ\u00f4micas, pol\u00edticas e sociais dos desastres podem ser devastadoras para as comunidades.<\/p>\n<p><b>Ferramenta<\/b><\/p>\n<p>A \u201cFerramenta de Autoavalia\u00e7\u00e3o da Resili\u00eancia \u2013 N\u00edvel Preliminar\u201d, desenvolvida pelo Escrit\u00f3rio das Na\u00e7\u00f5es Unidas para a Redu\u00e7\u00e3o do Risco de Desastres (UNDRR), \u00e9 um conjunto de perguntas sobre o munic\u00edpio que permitem aos governos locais avaliarem sua resili\u00eancia a desastres, estruturando-se em torno dos \u201cDez Princ\u00edpios para Construir Cidades Resilientes\u201d.<\/p>\n<p>O recurso fornece avalia\u00e7\u00f5es que permitem monitorar e revisar o progresso e os desafios na implementa\u00e7\u00e3o da \u201cEstrutura do Marco de Sendai para Redu\u00e7\u00e3o de Riscos de Desastres\u201d. Al\u00e9m disso, acompanha o desenvolvimento das estrat\u00e9gias de redu\u00e7\u00e3o de riscos de desastres e resili\u00eancia.<\/p>\n<p>Em Juiz de Fora, o projeto foi adotado a partir da publica\u00e7\u00e3o do decreto 14067\/20. O documento conta com a assinatura de professores e alunos da UFJF e representantes da prefeitura para a cria\u00e7\u00e3o do comit\u00ea de an\u00e1lise da resili\u00eancia.<\/p>\n<p>Confira a programa\u00e7\u00e3o completa no link\u00a0<a href=\"https:\/\/www.ufjf.br\/resiliencia\/jf-resiliente\/inscricoes-e-programacao\/\">www.ufjf.br\/resiliencia\/jf-resiliente\/inscricoes-e-programacao<\/a>.<\/p>\n<p><b>Outras informa\u00e7\u00f5es<\/b><br \/>\n<a href=\"https:\/\/www.ufjf.br\/resiliencia\/jf-resiliente\/\">www.ufjf.br\/resiliencia\/jf-resiliente<\/a><\/p>\n<p><b>Veja os 10 passos a serem seguidos para atingir a resili\u00eancia<\/b><\/p>\n<p>1. Se organizar para a resili\u00eancia frente aos desastres<br \/>\n2- Identificar, compreender e utilizar cen\u00e1rios de risco atuais e futuros<br \/>\n3 -Refor\u00e7ar a capacidade financeira para a resili\u00eancia<br \/>\n4. Promover o desenho resiliente e desenvolvimento urbano<br \/>\n5. Proteger zonas-tamp\u00e3o naturais para melhorar a fun\u00e7\u00e3o da prote\u00e7\u00e3o<br \/>\nfornecida pelos ecossistemas<br \/>\n6. Fortalecer a capacidade institucional para a resili\u00eancia<br \/>\n7. Compreender e fortalecer a capacidade social para a resili\u00eancia<br \/>\n8. Aumentar a resili\u00eancia da infraestrutura<br \/>\n9. Garantir a efic\u00e1cia da prepara\u00e7\u00e3o e resposta eficaz \u00e0s cat\u00e1strofes<br \/>\n10. Acelerar a recupera\u00e7\u00e3o e reconstruir melhor depois de qualquer desastre<\/p><\/div>\n<div><\/div>\n<div><strong>Fonte:\u00a0<\/strong>Assessoria<\/div>\n<p>&nbsp;<\/p>\n<div id=\"box_compartilhar\" align=\"right\"><\/div>\n","protected":false},"excerpt":{"rendered":"<p>Termina na pr\u00f3xima ter\u00e7a-feira, 27 o prazo para inscri\u00e7\u00f5es no workshop \u201cJuiz de Fora Mais Resiliente\u201d, que acontece entre os dias quatro e seis de novembro de forma online. O evento faz parte do programa &#8220;Cidades Resilientes&#8221;, proposto pelas Organiza\u00e7\u00f5es das Na\u00e7\u00f5es Unidas (ONU) em que o munic\u00edpio est\u00e1 inscrito, com o objetivo de realizar [&hellip;]<\/p>\n","protected":false},"author":96,"featured_media":171675,"comment_status":"closed","ping_status":"closed","sticky":false,"template":"","format":"standard","meta":{"footnotes":""},"categories":[253,436,439],"tags":[],"class_list":["post-171674","post","type-post","status-publish","format-standard","has-post-thumbnail","hentry","category-cidade","category-destaque-da-semana","category-ultima-hora"],"_links":{"self":[{"href":"https:\/\/diarioregionaldigital.com.br\/index.php?rest_route=\/wp\/v2\/posts\/171674","targetHints":{"allow":["GET"]}}],"collection":[{"href":"https:\/\/diarioregionaldigital.com.br\/index.php?rest_route=\/wp\/v2\/posts"}],"about":[{"href":"https:\/\/diarioregionaldigital.com.br\/index.php?rest_route=\/wp\/v2\/types\/post"}],"author":[{"embeddable":true,"href":"https:\/\/diarioregionaldigital.com.br\/index.php?rest_route=\/wp\/v2\/users\/96"}],"replies":[{"embeddable":true,"href":"https:\/\/diarioregionaldigital.com.br\/index.php?rest_route=%2Fwp%2Fv2%2Fcomments&post=171674"}],"version-history":[{"count":0,"href":"https:\/\/diarioregionaldigital.com.br\/index.php?rest_route=\/wp\/v2\/posts\/171674\/revisions"}],"wp:featuredmedia":[{"embeddable":true,"href":"https:\/\/diarioregionaldigital.com.br\/index.php?rest_route=\/wp\/v2\/media\/171675"}],"wp:attachment":[{"href":"https:\/\/diarioregionaldigital.com.br\/index.php?rest_route=%2Fwp%2Fv2%2Fmedia&parent=171674"}],"wp:term":[{"taxonomy":"category","embeddable":true,"href":"https:\/\/diarioregionaldigital.com.br\/index.php?rest_route=%2Fwp%2Fv2%2Fcategories&post=171674"},{"taxonomy":"post_tag","embeddable":true,"href":"https:\/\/diarioregionaldigital.com.br\/index.php?rest_route=%2Fwp%2Fv2%2Ftags&post=171674"}],"curies":[{"name":"wp","href":"https:\/\/api.w.org\/{rel}","templated":true}]}}