{"id":171671,"date":"2020-10-23T17:43:57","date_gmt":"2020-10-23T20:43:57","guid":{"rendered":"https:\/\/diarioregionaldigital.com.br\/?p=171671"},"modified":"2020-10-23T17:43:57","modified_gmt":"2020-10-23T20:43:57","slug":"ufjf-reabre-estacionamento-do-anel-viario-acesso-a-praca-civica-segue-vetado","status":"publish","type":"post","link":"https:\/\/diarioregionaldigital.com.br\/?p=171671","title":{"rendered":"UFJF reabre estacionamento do anel vi\u00e1rio; acesso \u00e0 Pra\u00e7a C\u00edvica segue vetado"},"content":{"rendered":"<p><span style=\"font-weight: 400;\">O Comit\u00ea de Monitoramento e Orienta\u00e7\u00e3o de Condutas sobre o novo Coronav\u00edrus (SarsCov-2) da Universidade Federal de Juiz de Fora (UFJF), autorizou a reabertura do estacionamento no anel vi\u00e1rio do campus. O local teve seu acesso concedido no s\u00e1bado (24). O Comit\u00ea pode rever a decis\u00e3o se julgar necess\u00e1rio.<\/span><\/p>\n<p><span style=\"font-weight: 400;\">Entretanto, a Pra\u00e7a C\u00edvica, bem como a pista de skate, a academia ao ar livre, para qualquer tipo de atividade, seja f\u00edsica, esportiva, cultural, de recrea\u00e7\u00e3o ou para outros fins e o conjunto de jardins, seguem interditados at\u00e9 ent\u00e3o.<\/span><\/p>\n<p><span style=\"font-weight: 400;\">Em comunicado oficial, o Comit\u00ea refor\u00e7a a import\u00e2ncia para as medidas de seguran\u00e7a e preven\u00e7\u00e3o ao Coronav\u00edrus, como: manter o distanciamento social, usar m\u00e1scaras e evitar aglomera\u00e7\u00f5es. Confira a nota:<\/span><\/p>\n<p><i><span style=\"font-weight: 400;\">\u201cO Comit\u00ea de Monitoramento e Orienta\u00e7\u00e3o de Condutas sobre o novo Coronav\u00edrus (SarsCov-2) da UFJF, em reuni\u00e3o no dia 23 de outubro de 2020, tomou a decis\u00e3o de recomendar a abertura das vagas de estacionamento ao longo do anel vi\u00e1rio do campus Juiz de Fora a partir do dia 24 do corrente m\u00eas. No entanto, ressalta que, embora o cen\u00e1rio epidemiol\u00f3gico da doen\u00e7a oriente essa decis\u00e3o, \u00e9 imperiosa a responsabilidade pelo cuidado \u00e0 vida. Dessa forma, \u00e9 necess\u00e1ria a manuten\u00e7\u00e3o das medidas de prote\u00e7\u00e3o tais como usar m\u00e1scaras, manter o distanciamento e evitar aglomera\u00e7\u00f5es. Na ocasi\u00e3o, orienta-se que o acesso aos demais estacionamentos, \u00e0 Pra\u00e7a C\u00edvica, \u00e0 pista de skate, \u00e0 academia ao ar livre e ao conjunto de jardins permane\u00e7a fechado. O comit\u00ea pode rever sua decis\u00e3o sempre que se fizer necess\u00e1rio\u201d.<\/span><\/i><\/p>\n","protected":false},"excerpt":{"rendered":"<p>O Comit\u00ea de Monitoramento e Orienta\u00e7\u00e3o de Condutas sobre o novo Coronav\u00edrus (SarsCov-2) da Universidade Federal de Juiz de Fora (UFJF), autorizou a reabertura do estacionamento no anel vi\u00e1rio do campus. O local teve seu acesso concedido no s\u00e1bado (24). O Comit\u00ea pode rever a decis\u00e3o se julgar necess\u00e1rio. Entretanto, a Pra\u00e7a C\u00edvica, bem como [&hellip;]<\/p>\n","protected":false},"author":96,"featured_media":171672,"comment_status":"closed","ping_status":"closed","sticky":false,"template":"","format":"standard","meta":{"footnotes":""},"categories":[253,436,440,439],"tags":[],"class_list":["post-171671","post","type-post","status-publish","format-standard","has-post-thumbnail","hentry","category-cidade","category-destaque-da-semana","category-destaques-do-dia","category-ultima-hora"],"_links":{"self":[{"href":"https:\/\/diarioregionaldigital.com.br\/index.php?rest_route=\/wp\/v2\/posts\/171671","targetHints":{"allow":["GET"]}}],"collection":[{"href":"https:\/\/diarioregionaldigital.com.br\/index.php?rest_route=\/wp\/v2\/posts"}],"about":[{"href":"https:\/\/diarioregionaldigital.com.br\/index.php?rest_route=\/wp\/v2\/types\/post"}],"author":[{"embeddable":true,"href":"https:\/\/diarioregionaldigital.com.br\/index.php?rest_route=\/wp\/v2\/users\/96"}],"replies":[{"embeddable":true,"href":"https:\/\/diarioregionaldigital.com.br\/index.php?rest_route=%2Fwp%2Fv2%2Fcomments&post=171671"}],"version-history":[{"count":0,"href":"https:\/\/diarioregionaldigital.com.br\/index.php?rest_route=\/wp\/v2\/posts\/171671\/revisions"}],"wp:featuredmedia":[{"embeddable":true,"href":"https:\/\/diarioregionaldigital.com.br\/index.php?rest_route=\/wp\/v2\/media\/171672"}],"wp:attachment":[{"href":"https:\/\/diarioregionaldigital.com.br\/index.php?rest_route=%2Fwp%2Fv2%2Fmedia&parent=171671"}],"wp:term":[{"taxonomy":"category","embeddable":true,"href":"https:\/\/diarioregionaldigital.com.br\/index.php?rest_route=%2Fwp%2Fv2%2Fcategories&post=171671"},{"taxonomy":"post_tag","embeddable":true,"href":"https:\/\/diarioregionaldigital.com.br\/index.php?rest_route=%2Fwp%2Fv2%2Ftags&post=171671"}],"curies":[{"name":"wp","href":"https:\/\/api.w.org\/{rel}","templated":true}]}}