{"id":171668,"date":"2020-10-23T17:16:29","date_gmt":"2020-10-23T20:16:29","guid":{"rendered":"https:\/\/diarioregionaldigital.com.br\/?p=171668"},"modified":"2020-10-23T17:16:29","modified_gmt":"2020-10-23T20:16:29","slug":"praca-ceu-promove-live-cultural-em-apoio-ao-outubro-rosa","status":"publish","type":"post","link":"https:\/\/diarioregionaldigital.com.br\/?p=171668","title":{"rendered":"Pra\u00e7a CEU promove \u201clive\u201d cultural em apoio ao \u201cOutubro Rosa\u201d"},"content":{"rendered":"<p>S\u00e1bado, 24, tem \u201clive\u201d cultural com a equipe da Pra\u00e7a CEU (Centro de Artes e Esportes Unificados Coronel \u201cAdelmir Romualdo de Oliveira\u201d). A equipe Pra\u00e7a CEU preparou uma programa\u00e7\u00e3o especial para refor\u00e7ar a campanha \u201cOutubro Rosa\u201d, que promove conscientiza\u00e7\u00e3o sobre o c\u00e2ncer de mama. Haver\u00e1 m\u00fasica, dan\u00e7a, conta\u00e7\u00e3o de hist\u00f3ria, gin\u00e1stica, al\u00e9m de brincadeiras e sorteios, com transmiss\u00e3o pelo Instagram (@ceujf), a partir das 16 horas. A \u201clive\u201d \u00e9 aberta a todos os p\u00fablicos.<\/p>\n<p>Realizada anualmente em v\u00e1rios pa\u00edses, a campanha de combate ao c\u00e2ncer de mama incentiva a preven\u00e7\u00e3o e o diagn\u00f3stico precoce, compartilhando informa\u00e7\u00f5es e facilitando o acesso ao tratamento da doen\u00e7a. Na \u201clive\u201d de s\u00e1bado, al\u00e9m das apresenta\u00e7\u00f5es de articuladores culturais da Pra\u00e7a CEU, ser\u00e3o exibidos v\u00eddeos informativos, produzidos pela Ascomcer. \u201cQueremos somar for\u00e7as nessa campanha\u201d, afirma o coordenador-geral da pra\u00e7a, Andr\u00e9 Noronha.<\/p>\n<p>Segundo ele, as a\u00e7\u00f5es tamb\u00e9m buscam promover a aproxima\u00e7\u00e3o com o p\u00fablico da unidade, divulgando informa\u00e7\u00f5es importantes e proporcionando momentos de descontra\u00e7\u00e3o e entretenimento. \u201cMesmo com a interrup\u00e7\u00e3o do atendimento presencial, em fun\u00e7\u00e3o do protocolo estabelecido para barrar a circula\u00e7\u00e3o do coronav\u00edrus, a Pra\u00e7a CEU vem mantendo contato com os usu\u00e1rios da pra\u00e7a, que \u00e9 refer\u00eancia para muitas fam\u00edlias, sobretudo na zona norte da cidade\u201d.<\/p>\n<p>Al\u00e9m das \u201clives\u201d, o espa\u00e7o oferece oficinas de cultura e esporte e conte\u00fados correlatos em diversas plataformas, como WhatsApp, Instagram e aplicativos de videoconfer\u00eancia. O atendimento \u00e9 gratuito e aberto a pessoas de todas as faixas et\u00e1rias (a partir dos seis anos).<\/p>\n<p>Os interessados em participar das oficinas podem entrar em contato pelo link na bio do Instagram (@ceujf), informar idade e \u00e1rea de interesse. Outra op\u00e7\u00e3o \u00e9 enviar solicita\u00e7\u00e3o por meio do whatsapp do equipamento urbano (32) 99971-3231.<\/p>\n<p>A Pra\u00e7a CEU \u00e9 mantida pela Prefeitura de Juiz de Fora (PJF), por meio da Funda\u00e7\u00e3o Cultural \u201cAlfredo Ferreira Lage\u201d (Funalfa), com gest\u00e3o da Associa\u00e7\u00e3o Cultural Arte e Vida (Acav).<\/p>\n<p><strong>Fonte:\u00a0<\/strong>Assessoria<\/p>\n","protected":false},"excerpt":{"rendered":"<p>S\u00e1bado, 24, tem \u201clive\u201d cultural com a equipe da Pra\u00e7a CEU (Centro de Artes e Esportes Unificados Coronel \u201cAdelmir Romualdo de Oliveira\u201d). A equipe Pra\u00e7a CEU preparou uma programa\u00e7\u00e3o especial para refor\u00e7ar a campanha \u201cOutubro Rosa\u201d, que promove conscientiza\u00e7\u00e3o sobre o c\u00e2ncer de mama. Haver\u00e1 m\u00fasica, dan\u00e7a, conta\u00e7\u00e3o de hist\u00f3ria, gin\u00e1stica, al\u00e9m de brincadeiras e [&hellip;]<\/p>\n","protected":false},"author":96,"featured_media":171669,"comment_status":"closed","ping_status":"closed","sticky":false,"template":"","format":"standard","meta":{"footnotes":""},"categories":[256,436,262,439],"tags":[],"class_list":["post-171668","post","type-post","status-publish","format-standard","has-post-thumbnail","hentry","category-cultura","category-destaque-da-semana","category-noticias","category-ultima-hora"],"_links":{"self":[{"href":"https:\/\/diarioregionaldigital.com.br\/index.php?rest_route=\/wp\/v2\/posts\/171668","targetHints":{"allow":["GET"]}}],"collection":[{"href":"https:\/\/diarioregionaldigital.com.br\/index.php?rest_route=\/wp\/v2\/posts"}],"about":[{"href":"https:\/\/diarioregionaldigital.com.br\/index.php?rest_route=\/wp\/v2\/types\/post"}],"author":[{"embeddable":true,"href":"https:\/\/diarioregionaldigital.com.br\/index.php?rest_route=\/wp\/v2\/users\/96"}],"replies":[{"embeddable":true,"href":"https:\/\/diarioregionaldigital.com.br\/index.php?rest_route=%2Fwp%2Fv2%2Fcomments&post=171668"}],"version-history":[{"count":0,"href":"https:\/\/diarioregionaldigital.com.br\/index.php?rest_route=\/wp\/v2\/posts\/171668\/revisions"}],"wp:featuredmedia":[{"embeddable":true,"href":"https:\/\/diarioregionaldigital.com.br\/index.php?rest_route=\/wp\/v2\/media\/171669"}],"wp:attachment":[{"href":"https:\/\/diarioregionaldigital.com.br\/index.php?rest_route=%2Fwp%2Fv2%2Fmedia&parent=171668"}],"wp:term":[{"taxonomy":"category","embeddable":true,"href":"https:\/\/diarioregionaldigital.com.br\/index.php?rest_route=%2Fwp%2Fv2%2Fcategories&post=171668"},{"taxonomy":"post_tag","embeddable":true,"href":"https:\/\/diarioregionaldigital.com.br\/index.php?rest_route=%2Fwp%2Fv2%2Ftags&post=171668"}],"curies":[{"name":"wp","href":"https:\/\/api.w.org\/{rel}","templated":true}]}}