{"id":171665,"date":"2020-10-23T17:14:00","date_gmt":"2020-10-23T20:14:00","guid":{"rendered":"https:\/\/diarioregionaldigital.com.br\/?p=171665"},"modified":"2020-10-23T17:14:00","modified_gmt":"2020-10-23T20:14:00","slug":"secretaria-de-educacao-inicia-cadastramento-para-creches-2021-na-segunda-feira","status":"publish","type":"post","link":"https:\/\/diarioregionaldigital.com.br\/?p=171665","title":{"rendered":"Secretaria de Educa\u00e7\u00e3o inicia Cadastramento para Creches 2021 na segunda-feira"},"content":{"rendered":"<p>A Secretaria de Educa\u00e7\u00e3o (SE) da Prefeitura de Juiz de Fora (PJF) por meio do Departamento de Educa\u00e7\u00e3o Infantil (DEI) realizar\u00e1 entre os dias 26 de outubro e 20 de novembro o cadastramento para vagas em creches parceiras que ser\u00e3o disponibilizadas em 2021. As vagas atendem crian\u00e7as de zero a tr\u00eas anos e 11 meses de idade. O edital foi publicado na manh\u00e3 desta sexta-feira, 23, nos\u00a0<a href=\"https:\/\/www.pjf.mg.gov.br\/e_atos\/e_atos_vis.php?id=79247\">Atos do Governo<\/a>.<\/p>\n<p>Em raz\u00e3o do atual estado de emerg\u00eancia declarado em resposta \u00e0 pandemia da Covid-19, o cadastro ser\u00e1 dividido em duas etapas: o atendimento online e o presencial. A inten\u00e7\u00e3o \u00e9 evitar aglomera\u00e7\u00f5es e, ao mesmo tempo, facilitar o acesso das fam\u00edlias ao registro de suas solicita\u00e7\u00f5es \u00e0s vagas a serem disponibilizadas.<\/p>\n<p><b>1\u00aa Etapa: Atendimento Online<\/b><\/p>\n<p>Nesta etapa ser\u00e1 necess\u00e1rio o preenchimento do formul\u00e1rio eletr\u00f4nico correspondente ao processo de inscri\u00e7\u00e3o de forma digital. Para essa etapa podem ser utilizados equipamentos como tablets, computadores e smartphones, acessando o link:\u00a0<a href=\"http:\/\/formsus.datasus.gov.br\/site\/formulario.php?id_aplicacao=54610\">http:\/\/formsus.datasus.gov.br\/site\/formulario<\/a>.<\/p>\n<p>Os respons\u00e1veis devem declarar os dados solicitados, n\u00e3o deixando de observar todas as recomenda\u00e7\u00f5es em destaque em cada campo. Esses dados s\u00e3o determinantes na an\u00e1lise e na classifica\u00e7\u00e3o final. \u00c9 permitido o registro de apenas uma ficha por Crian\u00e7a, e n\u00e3o haver\u00e1 envio, f\u00edsico ou digital, de nenhum documento ou comprovante.<\/p>\n<p>A responsabilidade pela exatid\u00e3o e veracidade das informa\u00e7\u00f5es coletadas \u00e9 do respons\u00e1vel familiar, que poder\u00e1 ter a sua solicita\u00e7\u00e3o recusada em caso de omiss\u00e3o e de presta\u00e7\u00e3o de informa\u00e7\u00f5es falsas ou enganosas. Os canais de comunica\u00e7\u00e3o, telefones e e-mails informados nos materiais e plataformas de divulga\u00e7\u00e3o da Secretaria de Educa\u00e7\u00e3o, dar\u00e3o suporte a todas as d\u00favidas dos interessados.<\/p>\n<p><b>2\u00aa Etapa: Atendimento Presencial<\/b><\/p>\n<p>A segunda etapa do processo \u00e9 o atendimento agendado pela Secretaria, a ser informado atrav\u00e9s dos dados de contato registrados na etapa anterior. Todas as recomenda\u00e7\u00f5es sanit\u00e1rias em vigor ser\u00e3o seguidas, evitando o ac\u00famulo de pessoas nos locais e a redu\u00e7\u00e3o do tempo de espera. Na impossibilidade de comparecimento no dia e hor\u00e1rio agendados, o Respons\u00e1vel Familiar deve comunicar o fato com 24 horas de anteced\u00eancia sob pena de ser exclu\u00eddo do processo de inscri\u00e7\u00e3o. Nesse momento, ser\u00e1 verificada a comprova\u00e7\u00e3o das informa\u00e7\u00f5es registradas remotamente no formul\u00e1rio. Portanto, \u00e9 fundamental que apresente toda a documenta\u00e7\u00e3o abaixo relacionada.<\/p>\n<p><b>Documenta\u00e7\u00e3o original e c\u00f3pia<\/b><\/p>\n<p>&#8211; Comprovante de resid\u00eancia;<\/p>\n<p>&#8211; Identidade do respons\u00e1vel pela crian\u00e7a e de todos os adultos da casa;<\/p>\n<p>&#8211; Certid\u00e3o de nascimento das crian\u00e7as e dos adolescentes que moram na casa (de 0 at\u00e9 17 anos);<\/p>\n<p>&#8211; Comprovante de renda de todos os maiores de 18 anos e, se for o caso, do adolescente aprendiz, inclusive Bolsa Fam\u00edlia.<\/p>\n<p>&#8211; Apresentar: Carteira de Trabalho ou Contra Cheque ou Demonstrativo de Cr\u00e9dito de Benef\u00edcio &#8211; DCB (este \u00e9 retirado no banco onde recebe o benef\u00edcio, como: aposentados, aux\u00edlio-doen\u00e7a, aux\u00edlio-maternidade, LOAS\/BPC e seguro desemprego). Em caso de aut\u00f4nomo (trabalha por conta pr\u00f3pria), fazer uma declara\u00e7\u00e3o de sua renda;<\/p>\n<p>&#8211; Laudo m\u00e9dico para as crian\u00e7as com defici\u00eancia ou neoplasia (c\u00e2ncer);<\/p>\n<p>&#8211; Laudo m\u00e9dico com o nome do cuidador, em caso de familiar dependente por doen\u00e7a;<\/p>\n<p><b>Documenta\u00e7\u00e3o original<\/b><\/p>\n<p>&#8211; Guarda formal da crian\u00e7a, caso n\u00e3o seja o pai ou a m\u00e3e;<\/p>\n<p>&#8211; Comprovante de matr\u00edcula na creche, em caso de irm\u00e3os frequentando a mesma unidade;<\/p>\n<p>&#8211; Documento de encaminhamento da Casa de Acolhimento, Fam\u00edlia Acolhedora, Vara da Inf\u00e2ncia, Conselho Tutelar, CRAS ou CREAS, caso a fam\u00edlia esteja vivenciando situa\u00e7\u00e3o de vulnerabilidade social;<\/p>\n<p>&#8211; N\u00famero de Identifica\u00e7\u00e3o Social (NIS) da crian\u00e7a.<\/p>\n<p>Ao fazer o cadastro, o respons\u00e1vel deve ficar atento a todas as recomenda\u00e7\u00f5es vigentes no formul\u00e1rio. Altera\u00e7\u00f5es ainda podem ser realizadas durante o Atendimento Presencial. Portanto, tenha calma e procure acionar o suporte para as d\u00favidas anteriores \u00e0 grava\u00e7\u00e3o do formul\u00e1rio.<\/p>\n<p>O suporte est\u00e1 dispon\u00edvel atrav\u00e9s do e-mail: cadastrocreche2021@gmail.com, ou por telefone nos n\u00fameros: : (32) 3690-7721 ou (32) 98432-5239.<\/p>\n<p>As informa\u00e7\u00f5es contidas no formul\u00e1rio est\u00e3o protegidas por sigilo. Todo o acesso \u00e9 monitorado e controlado.<\/p>\n<p><b>Informa\u00e7\u00e3o importante<\/b><\/p>\n<p>Para as crian\u00e7as que j\u00e1 est\u00e3o matriculadas em 2020 a Secretaria refor\u00e7a o pedido para que os pais e respons\u00e1veis fa\u00e7am contato com as creches, a fim de obterem as atividades l\u00fadicas que foram elaboradas para esse momento de distanciamento social. Essas atividades podem ser recebidas via \u201cWhatsapp\u201d.<\/p>\n<p><strong>Fonte:\u00a0<\/strong>Assessoria<\/p>\n","protected":false},"excerpt":{"rendered":"<p>A Secretaria de Educa\u00e7\u00e3o (SE) da Prefeitura de Juiz de Fora (PJF) por meio do Departamento de Educa\u00e7\u00e3o Infantil (DEI) realizar\u00e1 entre os dias 26 de outubro e 20 de novembro o cadastramento para vagas em creches parceiras que ser\u00e3o disponibilizadas em 2021. As vagas atendem crian\u00e7as de zero a tr\u00eas anos e 11 meses [&hellip;]<\/p>\n","protected":false},"author":96,"featured_media":171666,"comment_status":"closed","ping_status":"closed","sticky":false,"template":"","format":"standard","meta":{"footnotes":""},"categories":[436,254,439],"tags":[],"class_list":["post-171665","post","type-post","status-publish","format-standard","has-post-thumbnail","hentry","category-destaque-da-semana","category-politica","category-ultima-hora"],"_links":{"self":[{"href":"https:\/\/diarioregionaldigital.com.br\/index.php?rest_route=\/wp\/v2\/posts\/171665","targetHints":{"allow":["GET"]}}],"collection":[{"href":"https:\/\/diarioregionaldigital.com.br\/index.php?rest_route=\/wp\/v2\/posts"}],"about":[{"href":"https:\/\/diarioregionaldigital.com.br\/index.php?rest_route=\/wp\/v2\/types\/post"}],"author":[{"embeddable":true,"href":"https:\/\/diarioregionaldigital.com.br\/index.php?rest_route=\/wp\/v2\/users\/96"}],"replies":[{"embeddable":true,"href":"https:\/\/diarioregionaldigital.com.br\/index.php?rest_route=%2Fwp%2Fv2%2Fcomments&post=171665"}],"version-history":[{"count":0,"href":"https:\/\/diarioregionaldigital.com.br\/index.php?rest_route=\/wp\/v2\/posts\/171665\/revisions"}],"wp:featuredmedia":[{"embeddable":true,"href":"https:\/\/diarioregionaldigital.com.br\/index.php?rest_route=\/wp\/v2\/media\/171666"}],"wp:attachment":[{"href":"https:\/\/diarioregionaldigital.com.br\/index.php?rest_route=%2Fwp%2Fv2%2Fmedia&parent=171665"}],"wp:term":[{"taxonomy":"category","embeddable":true,"href":"https:\/\/diarioregionaldigital.com.br\/index.php?rest_route=%2Fwp%2Fv2%2Fcategories&post=171665"},{"taxonomy":"post_tag","embeddable":true,"href":"https:\/\/diarioregionaldigital.com.br\/index.php?rest_route=%2Fwp%2Fv2%2Ftags&post=171665"}],"curies":[{"name":"wp","href":"https:\/\/api.w.org\/{rel}","templated":true}]}}