{"id":171662,"date":"2020-10-23T16:23:04","date_gmt":"2020-10-23T19:23:04","guid":{"rendered":"https:\/\/diarioregionaldigital.com.br\/?p=171662"},"modified":"2020-10-23T17:44:18","modified_gmt":"2020-10-23T20:44:18","slug":"minas-gerais-registra-queda-em-numero-de-surtos-de-covid-19","status":"publish","type":"post","link":"https:\/\/diarioregionaldigital.com.br\/?p=171662","title":{"rendered":"Minas Gerais registra queda em n\u00famero de surtos de covid-19"},"content":{"rendered":"<p>Depois de j\u00e1 ter registrado 96 surtos causados pelo v\u00edrus no estado em uma \u00fanica semana de julho, Minas, progressivamente, registra queda nesse tipo de notifica\u00e7\u00e3o, chegando a tr\u00eas registros de surtos na \u00faltima semana epidemiol\u00f3gica. A diminui\u00e7\u00e3o do n\u00famero de surtos est\u00e1 entre os fatores que apontam para uma redu\u00e7\u00e3o da infec\u00e7\u00e3o pela covid-19, o que, segundo as autoridades sanit\u00e1rias, refor\u00e7a um cen\u00e1rio de controle da doen\u00e7a no estado.<\/p>\n<p>\u201cPode-se definir surto como um caso confirmado, seguido de mais dois casos confirmados (assintom\u00e1tico ou sintom\u00e1tico) com v\u00ednculo epidemiol\u00f3gico em um ambiente restrito\u201d, explica a coordenadora da Sala de Situa\u00e7\u00e3o da Subsecretaria de Vigil\u00e2ncia em Sa\u00fade da SES-MG, Eva L\u00eddia Medeiros.<\/p>\n<p>A diferen\u00e7a observada neste momento, de acordo com o secret\u00e1rio de Estado de\u00a0<a href=\"http:\/\/www.saude.mg.gov.br\/\" target=\"_blank\" rel=\"noopener noreferrer\">Sa\u00fade (SES-MG)<\/a>, Carlos Eduardo Amaral, mostra a tend\u00eancia de redu\u00e7\u00e3o da epidemia em Minas. \u201cOs surtos demonstram amplia\u00e7\u00e3o no n\u00famero de casos e um alastramento da epidemia. Essa queda significa que estamos tendo um controle progressivo da doen\u00e7a\u201d, diz.<\/p>\n<p>A redu\u00e7\u00e3o dos surtos n\u00e3o \u00e9 o \u00fanico fator que sinaliza a tend\u00eancia de queda da transmiss\u00e3o da covid-19 em Minas. Al\u00e9m desse indicador, a taxa de transmiss\u00e3o (RT) est\u00e1 abaixo de 1 nos \u00faltimos sete dias, a ocupa\u00e7\u00e3o de leitos est\u00e1 abaixo de 60% e o n\u00famero de \u00f3bitos registrados no estado tamb\u00e9m est\u00e1 queda.<\/p>\n<p><b>Cen\u00e1rio<\/b><\/p>\n<p>Desde o in\u00edcio da pandemia, em mar\u00e7o, Minas registrou 1.057 surtos, envolvendo 18.095 casos.<\/p>\n<p>Em julho, na semana epidemiol\u00f3gica 29, houve no estado o pico dessas notifica\u00e7\u00f5es, quando foram registrados 96 surtos de coronav\u00edrus. A alta correspondeu, de acordo com Eva Medeiros, ao aumento de casos de infec\u00e7\u00e3o pela covid-19 registrados no estado naquele per\u00edodo. Depois disso, aos poucos, houve uma redu\u00e7\u00e3o nas notifica\u00e7\u00f5es de surto e, no final de setembro e no in\u00edcio de outubro, os casos reduziram de forma significativa, chegando na \u00faltima semana a tr\u00eas surtos registrados.<\/p>\n<p><b>Mobiliza\u00e7\u00e3o<\/b><\/p>\n<p>Essa redu\u00e7\u00e3o, de acordo com a coordenadora da Sala de Situa\u00e7\u00e3o, \u00e9 fruto das a\u00e7\u00f5es estaduais de preven\u00e7\u00e3o e de enfrentamento \u00e0 pandemia. \u201cQuando come\u00e7aram os registros de surtos, houve uma mobiliza\u00e7\u00e3o do\u00a0<a href=\"http:\/\/www.mg.gov.br\/\" target=\"_blank\" rel=\"noopener noreferrer\">Governo do Estado<\/a>\u00a0com ado\u00e7\u00e3o de medidas eficazes parar frear essas contamina\u00e7\u00f5es, por meio de treinamento das equipes ou at\u00e9 mesmo apoio em alguns locais de surto. Inclusive, para essas a\u00e7\u00f5es contamos com a integra\u00e7\u00e3o de outras secretarias, prefeituras e do Minist\u00e9rio P\u00fablico\u201d, comenta Eva.<\/p>\n<p>Segundo ela, os lugares de maior aten\u00e7\u00e3o para esse tipo de notifica\u00e7\u00e3o s\u00e3o os servi\u00e7os de Sa\u00fade, as unidades prisionais e socioeducativas e institui\u00e7\u00f5es de longa perman\u00eancia (ILPI).<\/p>\n<p><strong>Fonte:\u00a0<\/strong>Ag\u00eancia Minas<\/p>\n","protected":false},"excerpt":{"rendered":"<p>Depois de j\u00e1 ter registrado 96 surtos causados pelo v\u00edrus no estado em uma \u00fanica semana de julho, Minas, progressivamente, registra queda nesse tipo de notifica\u00e7\u00e3o, chegando a tr\u00eas registros de surtos na \u00faltima semana epidemiol\u00f3gica. A diminui\u00e7\u00e3o do n\u00famero de surtos est\u00e1 entre os fatores que apontam para uma redu\u00e7\u00e3o da infec\u00e7\u00e3o pela covid-19, [&hellip;]<\/p>\n","protected":false},"author":96,"featured_media":171663,"comment_status":"closed","ping_status":"closed","sticky":false,"template":"","format":"standard","meta":{"footnotes":""},"categories":[436,252,439],"tags":[],"class_list":["post-171662","post","type-post","status-publish","format-standard","has-post-thumbnail","hentry","category-destaque-da-semana","category-regiao","category-ultima-hora"],"_links":{"self":[{"href":"https:\/\/diarioregionaldigital.com.br\/index.php?rest_route=\/wp\/v2\/posts\/171662","targetHints":{"allow":["GET"]}}],"collection":[{"href":"https:\/\/diarioregionaldigital.com.br\/index.php?rest_route=\/wp\/v2\/posts"}],"about":[{"href":"https:\/\/diarioregionaldigital.com.br\/index.php?rest_route=\/wp\/v2\/types\/post"}],"author":[{"embeddable":true,"href":"https:\/\/diarioregionaldigital.com.br\/index.php?rest_route=\/wp\/v2\/users\/96"}],"replies":[{"embeddable":true,"href":"https:\/\/diarioregionaldigital.com.br\/index.php?rest_route=%2Fwp%2Fv2%2Fcomments&post=171662"}],"version-history":[{"count":0,"href":"https:\/\/diarioregionaldigital.com.br\/index.php?rest_route=\/wp\/v2\/posts\/171662\/revisions"}],"wp:featuredmedia":[{"embeddable":true,"href":"https:\/\/diarioregionaldigital.com.br\/index.php?rest_route=\/wp\/v2\/media\/171663"}],"wp:attachment":[{"href":"https:\/\/diarioregionaldigital.com.br\/index.php?rest_route=%2Fwp%2Fv2%2Fmedia&parent=171662"}],"wp:term":[{"taxonomy":"category","embeddable":true,"href":"https:\/\/diarioregionaldigital.com.br\/index.php?rest_route=%2Fwp%2Fv2%2Fcategories&post=171662"},{"taxonomy":"post_tag","embeddable":true,"href":"https:\/\/diarioregionaldigital.com.br\/index.php?rest_route=%2Fwp%2Fv2%2Ftags&post=171662"}],"curies":[{"name":"wp","href":"https:\/\/api.w.org\/{rel}","templated":true}]}}